{"id":926,"date":"2014-05-22T07:27:27","date_gmt":"2014-05-22T06:27:27","guid":{"rendered":"http:\/\/www.ardennes1940aceuxquiontresiste.org\/?p=926"},"modified":"2014-05-22T07:45:09","modified_gmt":"2014-05-22T06:45:09","slug":"hommage-aux-morts-de-mai-1940-a-stonne-et-les-grandes-armoises-le-18-mai-2014","status":"publish","type":"post","link":"http:\/\/www.ardennes1940aceuxquiontresiste.org\/?p=926","title":{"rendered":"18 Mai 2014 : HOMMAGE aux morts de Mai 1940, Stonne et les Grandes Armoises"},"content":{"rendered":"<p>Organis\u00e9e par l\u2019association ARDENNES 1940 \u00e0 ceux qui ont r\u00e9sist\u00e9, cette c\u00e9r\u00e9monie a rassembl\u00e9 de nombreux participants :<br \/>\n&#8211; une forte d\u00e9l\u00e9gation du CENTIAL-51\u00b0 RI de Mourmelon, porteur des traditions du 51\u00b0 r\u00e9giment d\u2019Infanterie, l\u2019un des acteurs de la d\u00e9fense de Stonne,<br \/>\n&#8211; un groupe de quatre v\u00e9t\u00e9rans fran\u00e7ais et d\u2019un v\u00e9t\u00e9ran allemand venu de Bonn,<br \/>\n&#8211; une forte participation de jeunes fr\u00e9quentant les groupes scolaires de Brieulles sur Bar, Ch\u00e9mery sur Bar et Le Chesne,<br \/>\n&#8211; de nombreux porte-drapeaux ardennais et saint-quentinois<br \/>\net d\u2019un public nombreux parmi lesquels de nombreux maires et conseillers g\u00e9n\u00e9raux.<\/p>\n<p><span style=\"color: #ffffff;\">&#8230;&#8230;<\/span>Le pr\u00e9sident a accueilli M le Sous-Pr\u00e9fet de SEDAN \u00e0 10 h 30 puis ce furent les d\u00e9p\u00f4ts de gerbe \u00e0 la plaque de la 3\u00b0 DIM-3\u00b0 DCR et au monument aux morts de la commune. La c\u00e9r\u00e9monie se poursuivit au M\u00e9morial. Apr\u00e8s les d\u00e9p\u00f4ts de gerbes, encadr\u00e9s par les militaires du CENTIAL-51\u00b0RI avec leur \u00e9tendard, les enfants sont venus lire des po\u00e8mes consacr\u00e9s \u00e0 la solidarit\u00e9, la paix et la tol\u00e9rance. Le pr\u00e9sident Michel BAUDIER rappela que le plus bel hommage rendu aux combattants de Stonne, le plus cr\u00e9dible, fut celui de leurs adversaires. Il fustigea \u00ab <em>tous ceux qui les ont m\u00e9pris\u00e9s, d\u00e9shonor\u00e9s au grand d\u00e9sespoir des familles venant sur la tombe d\u2019un des leurs, mort sur place pour la France<\/em> \u00bb. Il insista sur la volont\u00e9 de r\u00e9conciliation exprim\u00e9e par les rescap\u00e9s dans les ann\u00e9es 60 et souhaita que leurs ambitions affich\u00e9es : tol\u00e9rance, fraternit\u00e9, paix soit poursuivies pour le bien de la jeunesse, porteuse de notre avenir. Il termina en s\u2019interrogeant : \u00ab <em>Nous engageons-nous suffisamment pour que souffle un esprit pacifique et tol\u00e9rant dans notre soci\u00e9t\u00e9 ?<\/em> \u00bb<br \/>\n<span style=\"color: #ffffff;\">&#8230;&#8230;<\/span>M le Sous-pr\u00e9fet rappela l\u2019engagement de l\u2019arm\u00e9e fran\u00e7aise en mai-juin 1940 et la duret\u00e9 des combats qui eurent lieu dans les Ardennes, en regrettant que ces faits soient si mal connus ; il insista sur la n\u00e9cessit\u00e9 de faire participer les jeunes et de leur faire comprendre la n\u00e9cessit\u00e9 de d\u00e9fendre les valeurs r\u00e9publicaines, car rien n\u2019est jamais d\u00e9finitivement acquis.<br \/>\n<span style=\"color: #ffffff;\">&#8230;&#8230;<\/span>Suivit un l\u00e2cher de ballons porteurs de cartes-r\u00e9ponse.<br \/>\n<span style=\"color: #ffffff;\">&#8230;&#8230;<\/span>Puis ce fut l\u2019arr\u00eat au monument de la R\u00e9conciliation o\u00f9 M Dorenbeck, v\u00e9t\u00e9ran allemand, rappela l\u2019\u00e9galit\u00e9 des souffrances des familles et du peuple, toujours grandes victimes des conflits.<br \/>\n<span style=\"color: #ffffff;\">&#8230;&#8230;<\/span>On poursuivit par un hommage aux morts du 51\u00b0 RI dont la st\u00e8le et situ\u00e9e dans le carrefour des Grandes Armoises o\u00f9 le colonel commandant le CENTIAL rendit hommage aux combattants du 51\u00b0RI. Le maire, G\u00e9rard FAILLON, rappela que son village avait \u00e9t\u00e9 au centre des combats meurtriers des 23-25 mai o\u00f9 l\u2019efficacit\u00e9 de la r\u00e9sistance emp\u00eacha l\u2019encerclement du Mont Dieu et permit son \u00e9vacuation par la 3\u00b0 DIM puisqu\u2019elle \u00e9tait relev\u00e9e par les 6\u00b0 et 35\u00b0 DI.<br \/>\n<span style=\"color: #ffffff;\">&#8230;&#8230;<\/span>Il \u00e9tait 12 h 30 et un vin d\u2019honneur fut le bienvenu car la chaleur \u00e9tait au rendez-vous.<\/p>\n<p><a href=\"http:\/\/www.ardennes1940aceuxquiontresiste.org\/wp-content\/uploads\/STONNE-2014.pdf\">Message du Pr\u00e9sident Michel BAUDIER<\/a><br \/>\n<em>(Cliquer sur le lien ci-dessus pour lire le message du Pr\u00e9sident)<\/em><\/p>\n<p><em>(Cliquer sur les photos pour les visualiser en grand format)<\/em><\/p>\n<p><a href=\"http:\/\/www.ardennes1940aceuxquiontresiste.org\/wp-content\/uploads\/STONNE-2014-7.jpg\"><img loading=\"lazy\" decoding=\"async\" class=\"aligncenter size-large wp-image-928\" alt=\"Article Stonne Mai 2014 3\" src=\"http:\/\/www.ardennes1940aceuxquiontresiste.org\/wp-content\/uploads\/STONNE-2014-7-1024x768.jpg\" width=\"625\" height=\"468\" srcset=\"http:\/\/www.ardennes1940aceuxquiontresiste.org\/wp-content\/uploads\/STONNE-2014-7-1024x768.jpg 1024w, http:\/\/www.ardennes1940aceuxquiontresiste.org\/wp-content\/uploads\/STONNE-2014-7-300x225.jpg 300w, http:\/\/www.ardennes1940aceuxquiontresiste.org\/wp-content\/uploads\/STONNE-2014-7-624x468.jpg 624w\" sizes=\"auto, (max-width: 625px) 100vw, 625px\" \/><\/a><\/p>\n<p><a href=\"http:\/\/www.ardennes1940aceuxquiontresiste.org\/wp-content\/uploads\/STONNE-2014-34.jpg\"><img loading=\"lazy\" decoding=\"async\" class=\"aligncenter size-large wp-image-929\" alt=\"STONNE 2014 (34)\" src=\"http:\/\/www.ardennes1940aceuxquiontresiste.org\/wp-content\/uploads\/STONNE-2014-34-1024x768.jpg\" width=\"625\" height=\"468\" srcset=\"http:\/\/www.ardennes1940aceuxquiontresiste.org\/wp-content\/uploads\/STONNE-2014-34-1024x768.jpg 1024w, http:\/\/www.ardennes1940aceuxquiontresiste.org\/wp-content\/uploads\/STONNE-2014-34-300x225.jpg 300w, http:\/\/www.ardennes1940aceuxquiontresiste.org\/wp-content\/uploads\/STONNE-2014-34-624x468.jpg 624w\" sizes=\"auto, (max-width: 625px) 100vw, 625px\" \/><\/a><\/p>\n<p><a href=\"http:\/\/www.ardennes1940aceuxquiontresiste.org\/wp-content\/uploads\/STONNE-2014-38-copie.jpg\"><img loading=\"lazy\" decoding=\"async\" class=\"aligncenter size-large wp-image-930\" alt=\"STONNE 2014 (38) - copie\" src=\"http:\/\/www.ardennes1940aceuxquiontresiste.org\/wp-content\/uploads\/STONNE-2014-38-copie-1024x768.jpg\" width=\"625\" height=\"468\" srcset=\"http:\/\/www.ardennes1940aceuxquiontresiste.org\/wp-content\/uploads\/STONNE-2014-38-copie-1024x768.jpg 1024w, http:\/\/www.ardennes1940aceuxquiontresiste.org\/wp-content\/uploads\/STONNE-2014-38-copie-300x225.jpg 300w, http:\/\/www.ardennes1940aceuxquiontresiste.org\/wp-content\/uploads\/STONNE-2014-38-copie-624x468.jpg 624w\" sizes=\"auto, (max-width: 625px) 100vw, 625px\" \/><\/a><\/p>\n","protected":false},"excerpt":{"rendered":"<p>Organis\u00e9e par l\u2019association ARDENNES 1940 \u00e0 ceux qui ont r\u00e9sist\u00e9, cette c\u00e9r\u00e9monie a rassembl\u00e9 de nombreux participants : &#8211; une forte d\u00e9l\u00e9gation du CENTIAL-51\u00b0 RI de Mourmelon, porteur des traditions du 51\u00b0 r\u00e9giment d\u2019Infanterie, l\u2019un des acteurs de la d\u00e9fense de Stonne, &#8211; un groupe de quatre v\u00e9t\u00e9rans fran\u00e7ais et d\u2019un v\u00e9t\u00e9ran allemand venu de [&hellip;]<\/p>\n","protected":false},"author":1,"featured_media":0,"comment_status":"closed","ping_status":"closed","sticky":false,"template":"","format":"standard","meta":{"footnotes":""},"categories":[5],"tags":[],"class_list":["post-926","post","type-post","status-publish","format-standard","hentry","category-actualite"],"_links":{"self":[{"href":"http:\/\/www.ardennes1940aceuxquiontresiste.org\/index.php?rest_route=\/wp\/v2\/posts\/926","targetHints":{"allow":["GET"]}}],"collection":[{"href":"http:\/\/www.ardennes1940aceuxquiontresiste.org\/index.php?rest_route=\/wp\/v2\/posts"}],"about":[{"href":"http:\/\/www.ardennes1940aceuxquiontresiste.org\/index.php?rest_route=\/wp\/v2\/types\/post"}],"author":[{"embeddable":true,"href":"http:\/\/www.ardennes1940aceuxquiontresiste.org\/index.php?rest_route=\/wp\/v2\/users\/1"}],"replies":[{"embeddable":true,"href":"http:\/\/www.ardennes1940aceuxquiontresiste.org\/index.php?rest_route=%2Fwp%2Fv2%2Fcomments&post=926"}],"version-history":[{"count":23,"href":"http:\/\/www.ardennes1940aceuxquiontresiste.org\/index.php?rest_route=\/wp\/v2\/posts\/926\/revisions"}],"predecessor-version":[{"id":955,"href":"http:\/\/www.ardennes1940aceuxquiontresiste.org\/index.php?rest_route=\/wp\/v2\/posts\/926\/revisions\/955"}],"wp:attachment":[{"href":"http:\/\/www.ardennes1940aceuxquiontresiste.org\/index.php?rest_route=%2Fwp%2Fv2%2Fmedia&parent=926"}],"wp:term":[{"taxonomy":"category","embeddable":true,"href":"http:\/\/www.ardennes1940aceuxquiontresiste.org\/index.php?rest_route=%2Fwp%2Fv2%2Fcategories&post=926"},{"taxonomy":"post_tag","embeddable":true,"href":"http:\/\/www.ardennes1940aceuxquiontresiste.org\/index.php?rest_route=%2Fwp%2Fv2%2Ftags&post=926"}],"curies":[{"name":"wp","href":"https:\/\/api.w.org\/{rel}","templated":true}]}}