{"id":779,"date":"2013-12-02T18:57:53","date_gmt":"2013-12-02T17:57:53","guid":{"rendered":"http:\/\/www.ardennes1940aceuxquiontresiste.org\/?p=779"},"modified":"2013-12-02T18:58:31","modified_gmt":"2013-12-02T17:58:31","slug":"25-octobre-2013-habilitation-a-recevoir-des-dons","status":"publish","type":"post","link":"http:\/\/www.ardennes1940aceuxquiontresiste.org\/?p=779","title":{"rendered":"25 octobre 2013 : Habilitation \u00e0 recevoir des dons"},"content":{"rendered":"<p>Depuis le 25 octobre 2013, notre association est habilit\u00e9e par la direction des services fiscaux \u00e0 recevoir des dons.<\/p>\n<p>Au plan pratique :  si vous nous adressez un don de 100 euros vous recevrez un re\u00e7u fiscal qui vous permettra de diminuer vos imp\u00f4ts sur le revenu de 66 euros. <\/p>\n<p>C&rsquo;est donc une formule avantageuse !<br \/>\nProfitez-en ! Adressez-nous vos dons, ils seront les bienvenus !<\/p>\n","protected":false},"excerpt":{"rendered":"<p>Depuis le 25 octobre 2013, notre association est habilit\u00e9e par la direction des services fiscaux \u00e0 recevoir des dons. Au plan pratique : si vous nous adressez un don de 100 euros vous recevrez un re\u00e7u fiscal qui vous permettra de diminuer vos imp\u00f4ts sur le revenu de 66 euros. C&rsquo;est donc une formule avantageuse [&hellip;]<\/p>\n","protected":false},"author":1,"featured_media":0,"comment_status":"closed","ping_status":"closed","sticky":false,"template":"","format":"standard","meta":{"footnotes":""},"categories":[5],"tags":[],"class_list":["post-779","post","type-post","status-publish","format-standard","hentry","category-actualite"],"_links":{"self":[{"href":"http:\/\/www.ardennes1940aceuxquiontresiste.org\/index.php?rest_route=\/wp\/v2\/posts\/779","targetHints":{"allow":["GET"]}}],"collection":[{"href":"http:\/\/www.ardennes1940aceuxquiontresiste.org\/index.php?rest_route=\/wp\/v2\/posts"}],"about":[{"href":"http:\/\/www.ardennes1940aceuxquiontresiste.org\/index.php?rest_route=\/wp\/v2\/types\/post"}],"author":[{"embeddable":true,"href":"http:\/\/www.ardennes1940aceuxquiontresiste.org\/index.php?rest_route=\/wp\/v2\/users\/1"}],"replies":[{"embeddable":true,"href":"http:\/\/www.ardennes1940aceuxquiontresiste.org\/index.php?rest_route=%2Fwp%2Fv2%2Fcomments&post=779"}],"version-history":[{"count":2,"href":"http:\/\/www.ardennes1940aceuxquiontresiste.org\/index.php?rest_route=\/wp\/v2\/posts\/779\/revisions"}],"predecessor-version":[{"id":781,"href":"http:\/\/www.ardennes1940aceuxquiontresiste.org\/index.php?rest_route=\/wp\/v2\/posts\/779\/revisions\/781"}],"wp:attachment":[{"href":"http:\/\/www.ardennes1940aceuxquiontresiste.org\/index.php?rest_route=%2Fwp%2Fv2%2Fmedia&parent=779"}],"wp:term":[{"taxonomy":"category","embeddable":true,"href":"http:\/\/www.ardennes1940aceuxquiontresiste.org\/index.php?rest_route=%2Fwp%2Fv2%2Fcategories&post=779"},{"taxonomy":"post_tag","embeddable":true,"href":"http:\/\/www.ardennes1940aceuxquiontresiste.org\/index.php?rest_route=%2Fwp%2Fv2%2Ftags&post=779"}],"curies":[{"name":"wp","href":"https:\/\/api.w.org\/{rel}","templated":true}]}}