{"id":62,"date":"2012-05-01T11:52:08","date_gmt":"2012-05-01T10:52:08","guid":{"rendered":"http:\/\/www.ardennes1940aceuxquiontresiste.org\/?p=62"},"modified":"2013-03-17T14:12:54","modified_gmt":"2013-03-17T13:12:54","slug":"mai-2012-les-ardennes-fideles-a-la-memoire-de-mai-juin-1940","status":"publish","type":"post","link":"http:\/\/www.ardennes1940aceuxquiontresiste.org\/?p=62","title":{"rendered":"Mai 2012 &#8211; Les Ardennes fid\u00e8les \u00e0 la m\u00e9moire de mai &#8211; juin 1940"},"content":{"rendered":"<p>Comm\u00e9moration des combats dans les Ardennes.<br \/>\n<!--more--><\/p>\n<h2 style=\"text-align: center;\"><strong><span style=\"text-decoration: underline;\">TANNAY<\/span><\/strong><\/h2>\n<p style=\"text-align: center;\"><a href=\"http:\/\/giom08.free.fr\/wp-content\/uploads\/Le-16\u00e8me-Chasseur-de-Bitche-pr\u00e9sent-\u00e0-Tannay-le-19-mai.jpg\"><img loading=\"lazy\" decoding=\"async\" class=\"alignnone size-large wp-image-113\" title=\"Le 16\u00e8me Chasseur de Bitche pr\u00e9sent \u00e0 Tannay le 19 mai\" src=\"http:\/\/giom08.free.fr\/wp-content\/uploads\/Le-16\u00e8me-Chasseur-de-Bitche-pr\u00e9sent-\u00e0-Tannay-le-19-mai-1024x524.jpg\" alt=\"\" width=\"625\" height=\"319\" \/><\/a><\/p>\n<p style=\"text-align: center;\"><em>Photo L&rsquo;Union &#8211; L&rsquo;Ardennais<\/em><\/p>\n<p style=\"text-align: center;\">Le monument du 16\u00e8me Bataillon de Chasseurs Port\u00e9s (BCP) r\u00e9nov\u00e9. Un d\u00e9tachement du 16\u00b0 Chasseurs de Bitche \u00e9tait pr\u00e9sent.<\/p>\n<p style=\"text-align: center;\"><span style=\"color: #ffffff;\">.<\/p>\n<h2 style=\"text-align: center;\"><strong><span style=\"text-decoration: underline;\">SOMMAUTHE<\/span><\/strong><\/h2>\n<p style=\"text-align: center;\"><a href=\"http:\/\/giom08.free.fr\/wp-content\/uploads\/Sommauthe.png\"><img loading=\"lazy\" decoding=\"async\" class=\"alignnone size-full wp-image-116\" title=\"Sommauthe\" src=\"http:\/\/giom08.free.fr\/wp-content\/uploads\/Sommauthe.png\" alt=\"\" width=\"524\" height=\"351\" \/><\/a> <\/span><\/p>\n<p style=\"text-align: center;\"><em>Photo L&rsquo;Union &#8211; L&rsquo;Ardennais<\/em><\/p>\n<p style=\"text-align: center;\">Hommage aux combattants de la 6\u00e8me Division d\u2019Infanterie Coloniale (2 360 morts et disparus) organis\u00e9 par l\u2019amicale des Troupes de Marine des Ardennes.<\/p>\n<p style=\"text-align: center;\"><span style=\"color: #ffffff;\">.<\/span><\/p>\n<h2 style=\"text-align: center;\"><strong><span style=\"text-decoration: underline;\">SEDAN<\/strong><\/span><\/h2>\n<p style=\"text-align: center;\"> <a href=\"http:\/\/giom08.free.fr\/wp-content\/uploads\/Delaubier.jpg\"><img loading=\"lazy\" decoding=\"async\" class=\"alignnone size-medium wp-image-119\" title=\"Delaubier\" src=\"http:\/\/giom08.free.fr\/wp-content\/uploads\/Delaubier-300x282.jpg\" alt=\"\" width=\"300\" height=\"282\" \/><\/a> <a href=\"http:\/\/giom08.free.fr\/wp-content\/uploads\/Carrier.jpg\"><img loading=\"lazy\" decoding=\"async\" class=\"alignnone size-medium wp-image-122\" title=\"Carrier\" src=\"http:\/\/giom08.free.fr\/wp-content\/uploads\/Carrier-300x270.jpg\" alt=\"\" width=\"300\" height=\"270\" \/><\/a><\/p>\n<p style=\"text-align: center;\"><em>Photo L&rsquo;Union &#8211; L&rsquo;Ardennais<\/em><\/p>\n<p style=\"text-align: center;\">Hommage aux aviateurs abattus le 14 mai 1940&#8230;&#8230;<\/p>\n<p style=\"text-align: center;\">\u00c0 la st\u00e8le du commandant de Laubier sur Amiot 143 (hauteurs de Sedan) et \u00e0 la st\u00e8le de Th. M\u00e9ot et A. Carrier sur Dewoitine 520 (hauteurs de Fr\u00e9nois) \u00e0 l\u2019initiative du Souvenir Fran\u00e7ais et en pr\u00e9sence de membres des familles.<\/p>\n<p style=\"text-align: center;\"><span style=\"color: #ffffff;\">.<\/span><\/p>\n<h2 style=\"text-align: center;\"><strong><span style=\"text-decoration: underline;\">SAINT MENGES<\/span><\/strong><\/h2>\n<p style=\"text-align: center;\"><a href=\"http:\/\/giom08.free.fr\/wp-content\/uploads\/Saint-Menges.png\"><img loading=\"lazy\" decoding=\"async\" class=\"alignnone size-full wp-image-129\" title=\"Saint-Menges\" src=\"http:\/\/giom08.free.fr\/wp-content\/uploads\/Saint-Menges.png\" alt=\"\" width=\"603\" height=\"396\" \/><\/a><\/p>\n<p style=\"text-align: center;\"><em>P<\/em><em>hoto L&rsquo;Union &#8211; L&rsquo;Ardennais<\/em><\/p>\n<p style=\"text-align: center;\">Hommage aux morts de la Maison Forte route de Belgique lors des combats du 12 mai.<\/p>\n<p style=\"text-align: center;\"><span style=\"color: #ffffff;\">.<\/span><\/p>\n<h2 style=\"text-align: center;\"><strong><span style=\"text-decoration: underline;\">CARIGNAN<\/span><\/strong><\/h2>\n<p style=\"text-align: center;\"><a href=\"http:\/\/giom08.free.fr\/wp-content\/uploads\/Carignan.jpeg\"><img loading=\"lazy\" decoding=\"async\" class=\"alignnone size-full wp-image-121\" title=\"Carignan\" src=\"http:\/\/giom08.free.fr\/wp-content\/uploads\/Carignan.jpeg\" alt=\"\" width=\"907\" height=\"326\" \/><\/a><span style=\"color: #ffffff;\">&#8230;..<\/span><\/p>\n<p style=\"text-align: center;\"><em>Photo L&rsquo;Union &#8211; L&rsquo;Ardennais<\/em><\/p>\n<p style=\"text-align: center;\">Hommage aux morts du 136\u00e8me R\u00e9giment d\u2019Infanterie de Forteresse \u00e0 l\u2019initiative de l\u2019amicale<\/p>\n<p style=\"text-align: center;\"><span style=\"color: #ffffff;\">.<\/span><\/p>\n<h2 style=\"text-align: center;\"><strong><span style=\"text-decoration: underline;\">MONTHERME<\/span><\/strong><\/h2>\n<p style=\"text-align: center;\"><a href=\"http:\/\/giom08.free.fr\/wp-content\/uploads\/Montherme.png\"><img loading=\"lazy\" decoding=\"async\" class=\"alignnone size-full wp-image-127\" title=\"Montherme\" src=\"http:\/\/giom08.free.fr\/wp-content\/uploads\/Montherme.png\" alt=\"\" width=\"595\" height=\"359\" \/><\/a><\/p>\n<p style=\"text-align: center;\"><em>P<\/em><em>hoto L&rsquo;Union &#8211; L&rsquo;Ardennais<\/em><\/p>\n<p style=\"text-align: center;\">Hommage \u00e0 la r\u00e9sistance de la 42\u00e8me Demi-Brigade de Mitrailleurs Coloniaux le 13 mai 1940<\/p>\n","protected":false},"excerpt":{"rendered":"<p>Comm\u00e9moration des combats dans les Ardennes.<\/p>\n","protected":false},"author":1,"featured_media":0,"comment_status":"closed","ping_status":"closed","sticky":false,"template":"","format":"standard","meta":{"footnotes":""},"categories":[4],"tags":[],"class_list":["post-62","post","type-post","status-publish","format-standard","hentry","category-revue-du-presse"],"_links":{"self":[{"href":"http:\/\/www.ardennes1940aceuxquiontresiste.org\/index.php?rest_route=\/wp\/v2\/posts\/62","targetHints":{"allow":["GET"]}}],"collection":[{"href":"http:\/\/www.ardennes1940aceuxquiontresiste.org\/index.php?rest_route=\/wp\/v2\/posts"}],"about":[{"href":"http:\/\/www.ardennes1940aceuxquiontresiste.org\/index.php?rest_route=\/wp\/v2\/types\/post"}],"author":[{"embeddable":true,"href":"http:\/\/www.ardennes1940aceuxquiontresiste.org\/index.php?rest_route=\/wp\/v2\/users\/1"}],"replies":[{"embeddable":true,"href":"http:\/\/www.ardennes1940aceuxquiontresiste.org\/index.php?rest_route=%2Fwp%2Fv2%2Fcomments&post=62"}],"version-history":[{"count":2,"href":"http:\/\/www.ardennes1940aceuxquiontresiste.org\/index.php?rest_route=\/wp\/v2\/posts\/62\/revisions"}],"predecessor-version":[{"id":141,"href":"http:\/\/www.ardennes1940aceuxquiontresiste.org\/index.php?rest_route=\/wp\/v2\/posts\/62\/revisions\/141"}],"wp:attachment":[{"href":"http:\/\/www.ardennes1940aceuxquiontresiste.org\/index.php?rest_route=%2Fwp%2Fv2%2Fmedia&parent=62"}],"wp:term":[{"taxonomy":"category","embeddable":true,"href":"http:\/\/www.ardennes1940aceuxquiontresiste.org\/index.php?rest_route=%2Fwp%2Fv2%2Fcategories&post=62"},{"taxonomy":"post_tag","embeddable":true,"href":"http:\/\/www.ardennes1940aceuxquiontresiste.org\/index.php?rest_route=%2Fwp%2Fv2%2Ftags&post=62"}],"curies":[{"name":"wp","href":"https:\/\/api.w.org\/{rel}","templated":true}]}}