{"id":58,"date":"2009-05-01T11:50:28","date_gmt":"2009-05-01T10:50:28","guid":{"rendered":"http:\/\/www.ardennes1940aceuxquiontresiste.org\/?p=58"},"modified":"2013-03-17T14:14:08","modified_gmt":"2013-03-17T13:14:08","slug":"mai-2009-le-monde-combattant-ardennais-rend-hommage-a-ceux-qui-sont-tombes-en-mai-juin-1940","status":"publish","type":"post","link":"http:\/\/www.ardennes1940aceuxquiontresiste.org\/?p=58","title":{"rendered":"Mai 2009 :  Le monde combattant ardennais rend hommage \u00e0 ceux qui sont tomb\u00e9s en mai &#8211; juin 1940"},"content":{"rendered":"<p style=\"text-align: justify;\">Manifestation pr\u00e9sid\u00e9e par M. le Pr\u00e9fet et organis\u00e9e par la Direction d\u00e9partementale des Anciens Combattants \u00e0 la n\u00e9cropole nationale de Floing. Par une superbe soir\u00e9e printani\u00e8re, elle a rassembl\u00e9 une centaine de jeunes, une trentaine de porte-drapeaux, les jeunes sapeurs pompiers de Floing, un groupe de r\u00e9servistes, les associations d\u2019anciens combattants des Ardennes et un nombreux public dont de nombreux \u00e9lus\u00a0: plus de 350 personnes.<\/p>\n<p><!--more--><br \/>\n<a href=\"http:\/\/giom08.free.fr\/wp-content\/uploads\/Floing-2.jpg\"><img loading=\"lazy\" decoding=\"async\" class=\"size-full wp-image-806 aligncenter\" title=\"Floing 2\" src=\"http:\/\/giom08.free.fr\/wp-content\/uploads\/Floing-2.jpg\" alt=\"\" width=\"450\" height=\"600\" \/><\/a><\/p>\n<p style=\"text-align: justify;\">A la tomb\u00e9e de la nuit, conduits par la fanfare de Balan, les jeunes sont descendus des hauteurs portant chacun un flambeau. L\u2019ensemble s\u2019est ensuite dispos\u00e9 autour du m\u00e2t central. A la lueur des flambeaux, des jeunes ont lu des textes et des po\u00e8mes de circonstance.<\/p>\n<p style=\"text-align: justify;\">Ils ont d\u00e9pos\u00e9 un superbe coussin avant que la foule n\u2019observe une minute de silence. L\u2019ensemble \u00e9tait impressionnant, l\u2019\u00e9motion g\u00e9n\u00e9rale.<\/p>\n<p style=\"text-align: justify;\"><a href=\"http:\/\/giom08.free.fr\/wp-content\/uploads\/Floing-3.jpg\"><img loading=\"lazy\" decoding=\"async\" class=\"aligncenter size-full wp-image-807\" title=\"Floing 3\" src=\"http:\/\/giom08.free.fr\/wp-content\/uploads\/Floing-3.jpg\" alt=\"\" width=\"800\" height=\"600\" \/><\/a><\/p>\n<p style=\"text-align: justify;\">La soir\u00e9e s\u2019est poursuivie par un vin d\u2019honneur offert par Madame le Maire de Floing dans la salle polyvalente.<\/p>\n<div align=\"center\">\n<p style=\"text-align: justify;\">(Le public ardennais n\u2019en a rien su car le journal L\u2019ARDENNAIS &#8211; L\u2019UNION, inform\u00e9 et invit\u00e9, n\u2019a pas jug\u00e9 bon d\u2019en faire la relation\u2026)<\/p>\n<\/div>\n","protected":false},"excerpt":{"rendered":"<p>Manifestation pr\u00e9sid\u00e9e par M. le Pr\u00e9fet et organis\u00e9e par la Direction d\u00e9partementale des Anciens Combattants \u00e0 la n\u00e9cropole nationale de Floing. Par une superbe soir\u00e9e printani\u00e8re, elle a rassembl\u00e9 une centaine de jeunes, une trentaine de porte-drapeaux, les jeunes sapeurs pompiers de Floing, un groupe de r\u00e9servistes, les associations d\u2019anciens combattants des Ardennes et un [&hellip;]<\/p>\n","protected":false},"author":1,"featured_media":0,"comment_status":"closed","ping_status":"closed","sticky":false,"template":"","format":"standard","meta":{"footnotes":""},"categories":[4],"tags":[],"class_list":["post-58","post","type-post","status-publish","format-standard","hentry","category-revue-du-presse"],"_links":{"self":[{"href":"http:\/\/www.ardennes1940aceuxquiontresiste.org\/index.php?rest_route=\/wp\/v2\/posts\/58","targetHints":{"allow":["GET"]}}],"collection":[{"href":"http:\/\/www.ardennes1940aceuxquiontresiste.org\/index.php?rest_route=\/wp\/v2\/posts"}],"about":[{"href":"http:\/\/www.ardennes1940aceuxquiontresiste.org\/index.php?rest_route=\/wp\/v2\/types\/post"}],"author":[{"embeddable":true,"href":"http:\/\/www.ardennes1940aceuxquiontresiste.org\/index.php?rest_route=\/wp\/v2\/users\/1"}],"replies":[{"embeddable":true,"href":"http:\/\/www.ardennes1940aceuxquiontresiste.org\/index.php?rest_route=%2Fwp%2Fv2%2Fcomments&post=58"}],"version-history":[{"count":3,"href":"http:\/\/www.ardennes1940aceuxquiontresiste.org\/index.php?rest_route=\/wp\/v2\/posts\/58\/revisions"}],"predecessor-version":[{"id":149,"href":"http:\/\/www.ardennes1940aceuxquiontresiste.org\/index.php?rest_route=\/wp\/v2\/posts\/58\/revisions\/149"}],"wp:attachment":[{"href":"http:\/\/www.ardennes1940aceuxquiontresiste.org\/index.php?rest_route=%2Fwp%2Fv2%2Fmedia&parent=58"}],"wp:term":[{"taxonomy":"category","embeddable":true,"href":"http:\/\/www.ardennes1940aceuxquiontresiste.org\/index.php?rest_route=%2Fwp%2Fv2%2Fcategories&post=58"},{"taxonomy":"post_tag","embeddable":true,"href":"http:\/\/www.ardennes1940aceuxquiontresiste.org\/index.php?rest_route=%2Fwp%2Fv2%2Ftags&post=58"}],"curies":[{"name":"wp","href":"https:\/\/api.w.org\/{rel}","templated":true}]}}