{"id":56,"date":"2007-10-24T11:49:24","date_gmt":"2007-10-24T10:49:24","guid":{"rendered":"http:\/\/www.ardennes1940aceuxquiontresiste.org\/?p=56"},"modified":"2013-03-17T14:13:36","modified_gmt":"2013-03-17T13:13:36","slug":"24-octobre-2007-inauguration-dune-plaque-en-hommage-au-41eme-bataillon-de-chars-de-combat-a-olizy-sur-chiers","status":"publish","type":"post","link":"http:\/\/www.ardennes1940aceuxquiontresiste.org\/?p=56","title":{"rendered":"24 octobre 2007 &#8211; Inauguration d\u2019une plaque en hommage au 41\u00e8me Bataillon de Chars de Combat \u00e0 OLIZY sur Chiers"},"content":{"rendered":"<p style=\"text-align: justify;\" align=\"center\">Le 15 mai 1940, les troupes fran\u00e7aises re\u00e7oivent l\u2019ordre imp\u00e9ratif d\u2019abandonner la ligne de r\u00e9sistance de la rive gauche de la Chiers, organis\u00e9e depuis plusieurs mois autour de blockhaus, pour se porter sur une ligne Villy-Inor, en pleine for\u00eat ( Bretelle d\u2019Inor).<\/p>\n<p><!--more--><\/p>\n<p style=\"text-align: justify;\">L\u2019ennemi, surpris par ce retrait, franchit la Chiers, file vers Mouzon, progresse les 16 et 17 entre la Chiers et Malandry, Villy \u00e9tant un p\u00f4le de r\u00e9sistance. Entre Malandry et Olizy sur Chiers, la cote 311 qui domine tout le secteur, est un endroit strat\u00e9gique\u00a0: l\u2019ennemi veut s\u2019en emparer alors que l\u2019infanterie de la 6<sup>\u00e8me<\/sup>\u00a0DI ( 119<sup>\u00e8me<\/sup>\u00a0RI) n\u2019est pas encore install\u00e9e. Le 18 mai, l\u2019appui des chars lourds du 41<sup>\u00e8me<\/sup>\u00a0Bataillon est demand\u00e9. Il viennent de se battre \u00e0 Stonne et pansent leurs plaies \u00e0 Savigny sur Aisne mais ils accourent \u00e0 la vitesse de leurs chenilles.<\/p>\n<p style=\"text-align: justify;\">Le 18 au soir, les chars valides sont engag\u00e9s sur un axe Olizy-ouvrage de La Fert\u00e9. Cela permet au 119<sup>\u00e8me<\/sup>\u00a0RI de prendre position \u00e0 la cote 119, mais au prix de lourdes pertes.<\/p>\n<p>Le TARN tombe dans un bras de la Chiers. Le MUSCADET est d\u00e9truit par deux obus. Le CHARENTE s\u2019\u00e9gare dans la nuit et tombe dans les lignes allemandes o\u00f9 il est d\u00e9truit.<\/p>\n<p style=\"text-align: justify;\">La plaque appos\u00e9e rappelle cet engagement :<\/p>\n<p style=\"text-align: justify;\"><a href=\"http:\/\/giom08.free.fr\/wp-content\/uploads\/plaque.jpg\"><img loading=\"lazy\" decoding=\"async\" class=\"aligncenter size-full wp-image-802\" title=\"plaque\" src=\"http:\/\/giom08.free.fr\/wp-content\/uploads\/plaque.jpg\" alt=\"\" width=\"332\" height=\"120\" \/><\/a><\/p>\n<p style=\"text-align: justify;\">La st\u00e8le est situ\u00e9e au bord de la route<strong>\u00a0Stenay-La Fert\u00e9 Margut :<\/strong><\/p>\n<p style=\"text-align: justify;\"><a href=\"http:\/\/giom08.free.fr\/wp-content\/uploads\/stele.jpg\"><img loading=\"lazy\" decoding=\"async\" class=\"aligncenter size-full wp-image-803\" title=\"stele\" src=\"http:\/\/giom08.free.fr\/wp-content\/uploads\/stele.jpg\" alt=\"\" width=\"335\" height=\"251\" \/><\/a><\/p>\n<p style=\"text-align: justify;\">Elle a \u00e9t\u00e9 d\u00e9voil\u00e9e par un jeune d\u2019Olizy sur Chiers et le colonel TUFFET, responsable du CORBI\u00c8RES le 18 mai :<\/p>\n<p style=\"text-align: justify;\"><a href=\"http:\/\/giom08.free.fr\/wp-content\/uploads\/inauguration.jpg\"><img loading=\"lazy\" decoding=\"async\" class=\"aligncenter size-full wp-image-801\" title=\"inauguration\" src=\"http:\/\/giom08.free.fr\/wp-content\/uploads\/inauguration.jpg\" alt=\"\" width=\"288\" height=\"216\" \/><\/a><\/p>\n<p style=\"text-align: justify;\">Le colonel Ren\u00e9 TUFFET a fait ensuite un expos\u00e9 sur le 41<sup>\u00e8me<\/sup>\u00a0Bataillon de chars dans la salle des f\u00eates d\u2019Olizy sur Chiers, en pr\u00e9sence d\u2019une nombreuse assistance :<\/p>\n<p style=\"text-align: justify;\"><a href=\"http:\/\/giom08.free.fr\/wp-content\/uploads\/expose.jpg\"><img loading=\"lazy\" decoding=\"async\" class=\"aligncenter size-full wp-image-800\" title=\"expose\" src=\"http:\/\/giom08.free.fr\/wp-content\/uploads\/expose.jpg\" alt=\"\" width=\"384\" height=\"288\" \/><\/a><\/p>\n<p align=\"center\">\n","protected":false},"excerpt":{"rendered":"<p>Le 15 mai 1940, les troupes fran\u00e7aises re\u00e7oivent l\u2019ordre imp\u00e9ratif d\u2019abandonner la ligne de r\u00e9sistance de la rive gauche de la Chiers, organis\u00e9e depuis plusieurs mois autour de blockhaus, pour se porter sur une ligne Villy-Inor, en pleine for\u00eat ( Bretelle d\u2019Inor).<\/p>\n","protected":false},"author":1,"featured_media":0,"comment_status":"closed","ping_status":"closed","sticky":false,"template":"","format":"standard","meta":{"footnotes":""},"categories":[4],"tags":[],"class_list":["post-56","post","type-post","status-publish","format-standard","hentry","category-revue-du-presse"],"_links":{"self":[{"href":"http:\/\/www.ardennes1940aceuxquiontresiste.org\/index.php?rest_route=\/wp\/v2\/posts\/56","targetHints":{"allow":["GET"]}}],"collection":[{"href":"http:\/\/www.ardennes1940aceuxquiontresiste.org\/index.php?rest_route=\/wp\/v2\/posts"}],"about":[{"href":"http:\/\/www.ardennes1940aceuxquiontresiste.org\/index.php?rest_route=\/wp\/v2\/types\/post"}],"author":[{"embeddable":true,"href":"http:\/\/www.ardennes1940aceuxquiontresiste.org\/index.php?rest_route=\/wp\/v2\/users\/1"}],"replies":[{"embeddable":true,"href":"http:\/\/www.ardennes1940aceuxquiontresiste.org\/index.php?rest_route=%2Fwp%2Fv2%2Fcomments&post=56"}],"version-history":[{"count":2,"href":"http:\/\/www.ardennes1940aceuxquiontresiste.org\/index.php?rest_route=\/wp\/v2\/posts\/56\/revisions"}],"predecessor-version":[{"id":144,"href":"http:\/\/www.ardennes1940aceuxquiontresiste.org\/index.php?rest_route=\/wp\/v2\/posts\/56\/revisions\/144"}],"wp:attachment":[{"href":"http:\/\/www.ardennes1940aceuxquiontresiste.org\/index.php?rest_route=%2Fwp%2Fv2%2Fmedia&parent=56"}],"wp:term":[{"taxonomy":"category","embeddable":true,"href":"http:\/\/www.ardennes1940aceuxquiontresiste.org\/index.php?rest_route=%2Fwp%2Fv2%2Fcategories&post=56"},{"taxonomy":"post_tag","embeddable":true,"href":"http:\/\/www.ardennes1940aceuxquiontresiste.org\/index.php?rest_route=%2Fwp%2Fv2%2Ftags&post=56"}],"curies":[{"name":"wp","href":"https:\/\/api.w.org\/{rel}","templated":true}]}}