{"id":54,"date":"2006-05-01T11:48:41","date_gmt":"2006-05-01T10:48:41","guid":{"rendered":"http:\/\/www.ardennes1940aceuxquiontresiste.org\/?p=54"},"modified":"2013-03-17T14:13:42","modified_gmt":"2013-03-17T13:13:42","slug":"mai-2006-un-canon-de-75-garde-le-monument-des-artilleurs","status":"publish","type":"post","link":"http:\/\/www.ardennes1940aceuxquiontresiste.org\/?p=54","title":{"rendered":"Mai 2006 &#8211; Un canon de 75 garde le monument des artilleurs"},"content":{"rendered":"<p style=\"text-align: justify;\"><span style=\"text-decoration: underline;\">L&rsquo;Union &#8211; 27 Mai 2006<\/span><\/p>\n<p style=\"text-align: justify;\"><a href=\"http:\/\/giom08.free.fr\/wp-content\/uploads\/canon.jpg\"><img loading=\"lazy\" decoding=\"async\" class=\"aligncenter size-full wp-image-797\" title=\"canon\" src=\"http:\/\/giom08.free.fr\/wp-content\/uploads\/canon.jpg\" alt=\"\" width=\"500\" height=\"356\" \/><\/a><\/p>\n<p><!--more--><\/p>\n<p style=\"text-align: justify;\">Grand rassemblement dimanche matin dans le village qui accueille chaque ann\u00e9e ceux qui comm\u00e9morent les \u00e9v\u00e8nements de mai-juin 1940. Cette fois, tous ont pu se f\u00e9liciter de l&rsquo;arriv\u00e9e d&rsquo;un canon de 75, r\u00e9clam\u00e9 depuis fort longtemps, notamment par le pr\u00e9sident de l&rsquo;Amicale des artilleurs, M. Levieux.<\/p>\n<p>De son c\u00f4t\u00e9, Michel Baudier, pr\u00e9sident de l&rsquo;association \u00ab\u00a0Ardennes 1940\u00a0\u00bb a rappel\u00e9 le r\u00f4le que l&rsquo;artillerie avait jou\u00e9 ici et \u00e0 Stonne. \u00ab\u00a0Ce canon de 75 le rappelera\u00a0\u00bb a-t-il conclu.<\/p>\n<p>Auparavant, les d\u00e9l\u00e9gations se sont retrouv\u00e9es devant le monument des Artilleurs pour y d\u00e9voiler la plaque comm\u00e9morative du 6e R\u00e9giment de Spahis alg\u00e9riens initialement pos\u00e9 sur le mur de l&rsquo;\u00e9glise et qui est d\u00e9sormais a une place plus comforme \u00e0 sa mission.<\/p>\n<p>Les c\u00e9r\u00e9monies auxquelles de nombreux officiels ont assist\u00e9 ont \u00e9t\u00e9 perturb\u00e9es par la pluie qui a contraint l&rsquo;assistance \u00e0 se retrouver dans l&rsquo;\u00e9glise pour entendre les allocations.<\/p>\n","protected":false},"excerpt":{"rendered":"<p>L&rsquo;Union &#8211; 27 Mai 2006<\/p>\n","protected":false},"author":1,"featured_media":0,"comment_status":"closed","ping_status":"closed","sticky":false,"template":"","format":"standard","meta":{"footnotes":""},"categories":[4],"tags":[],"class_list":["post-54","post","type-post","status-publish","format-standard","hentry","category-revue-du-presse"],"_links":{"self":[{"href":"http:\/\/www.ardennes1940aceuxquiontresiste.org\/index.php?rest_route=\/wp\/v2\/posts\/54","targetHints":{"allow":["GET"]}}],"collection":[{"href":"http:\/\/www.ardennes1940aceuxquiontresiste.org\/index.php?rest_route=\/wp\/v2\/posts"}],"about":[{"href":"http:\/\/www.ardennes1940aceuxquiontresiste.org\/index.php?rest_route=\/wp\/v2\/types\/post"}],"author":[{"embeddable":true,"href":"http:\/\/www.ardennes1940aceuxquiontresiste.org\/index.php?rest_route=\/wp\/v2\/users\/1"}],"replies":[{"embeddable":true,"href":"http:\/\/www.ardennes1940aceuxquiontresiste.org\/index.php?rest_route=%2Fwp%2Fv2%2Fcomments&post=54"}],"version-history":[{"count":2,"href":"http:\/\/www.ardennes1940aceuxquiontresiste.org\/index.php?rest_route=\/wp\/v2\/posts\/54\/revisions"}],"predecessor-version":[{"id":145,"href":"http:\/\/www.ardennes1940aceuxquiontresiste.org\/index.php?rest_route=\/wp\/v2\/posts\/54\/revisions\/145"}],"wp:attachment":[{"href":"http:\/\/www.ardennes1940aceuxquiontresiste.org\/index.php?rest_route=%2Fwp%2Fv2%2Fmedia&parent=54"}],"wp:term":[{"taxonomy":"category","embeddable":true,"href":"http:\/\/www.ardennes1940aceuxquiontresiste.org\/index.php?rest_route=%2Fwp%2Fv2%2Fcategories&post=54"},{"taxonomy":"post_tag","embeddable":true,"href":"http:\/\/www.ardennes1940aceuxquiontresiste.org\/index.php?rest_route=%2Fwp%2Fv2%2Ftags&post=54"}],"curies":[{"name":"wp","href":"https:\/\/api.w.org\/{rel}","templated":true}]}}