{"id":52,"date":"2000-06-01T11:48:02","date_gmt":"2000-06-01T10:48:02","guid":{"rendered":"http:\/\/www.ardennes1940aceuxquiontresiste.org\/?p=52"},"modified":"2013-03-17T14:13:47","modified_gmt":"2013-03-17T13:13:47","slug":"juin-2000-combats-de-1940-erection-dune-stele-a-malandry","status":"publish","type":"post","link":"http:\/\/www.ardennes1940aceuxquiontresiste.org\/?p=52","title":{"rendered":"Juin 2000 &#8211; Combats de 1940 : \u00e9rection d&rsquo;une st\u00e8le \u00e0 Malandry"},"content":{"rendered":"<p style=\"text-align: justify;\"><span style=\"text-decoration: underline;\">L&rsquo;Union &#8211; 3 Juin 2000<\/span><\/p>\n<p style=\"text-align: justify;\">L&rsquo;association \u00ab\u00a0M\u00e9moire des combattants entre Meuse et Chiers bois d&rsquo;Inor\u00a0\u00bb a fait \u00e9riger une st\u00e8le \u00e0 la m\u00e9moire des combattants du 11<sup>\u00e8me<\/sup>\u00a0R\u00e9giment Etranger dans les bois de Malandry-Inor, \u00e0 la fronti\u00e8re des d\u00e9partements de la Meuse et des Ardennes, o\u00f9 1200 soldats sont tomb\u00e9s en mai et juin 1940.<\/p>\n<p><!--more--><\/p>\n<p style=\"text-align: justify;\">L&rsquo;inauguration de cette st\u00e8le s&rsquo;est faite en pr\u00e9sence de diverses personnalit\u00e9s civiles et militaires dont le Pr\u00e9fet de la Meuse et M. Marchet, vice pr\u00e9sident du Conseil g\u00e9n\u00e9ral des Ardennes.<\/p>\n<p style=\"text-align: justify;\">Un piquet d&rsquo;honneur de l&rsquo;arm\u00e9e et l&rsquo;harmonie La Fraternelle de Margut ont rehauss\u00e9 la solennit\u00e9 de cette c\u00e9r\u00e9monie \u00e0 laquelle de nombreuses associations patriotiques participaient avec leur drapeau.<\/p>\n<p><a href=\"http:\/\/giom08.free.fr\/wp-content\/uploads\/malandry.jpg\"><img loading=\"lazy\" decoding=\"async\" class=\"size-full wp-image-792 aligncenter\" title=\"malandry\" src=\"http:\/\/giom08.free.fr\/wp-content\/uploads\/malandry.jpg\" alt=\"\" width=\"600\" height=\"339\" \/><\/a><\/p>\n","protected":false},"excerpt":{"rendered":"<p>L&rsquo;Union &#8211; 3 Juin 2000 L&rsquo;association \u00ab\u00a0M\u00e9moire des combattants entre Meuse et Chiers bois d&rsquo;Inor\u00a0\u00bb a fait \u00e9riger une st\u00e8le \u00e0 la m\u00e9moire des combattants du 11\u00e8me\u00a0R\u00e9giment Etranger dans les bois de Malandry-Inor, \u00e0 la fronti\u00e8re des d\u00e9partements de la Meuse et des Ardennes, o\u00f9 1200 soldats sont tomb\u00e9s en mai et juin 1940.<\/p>\n","protected":false},"author":1,"featured_media":0,"comment_status":"closed","ping_status":"closed","sticky":false,"template":"","format":"standard","meta":{"footnotes":""},"categories":[4],"tags":[],"class_list":["post-52","post","type-post","status-publish","format-standard","hentry","category-revue-du-presse"],"_links":{"self":[{"href":"http:\/\/www.ardennes1940aceuxquiontresiste.org\/index.php?rest_route=\/wp\/v2\/posts\/52","targetHints":{"allow":["GET"]}}],"collection":[{"href":"http:\/\/www.ardennes1940aceuxquiontresiste.org\/index.php?rest_route=\/wp\/v2\/posts"}],"about":[{"href":"http:\/\/www.ardennes1940aceuxquiontresiste.org\/index.php?rest_route=\/wp\/v2\/types\/post"}],"author":[{"embeddable":true,"href":"http:\/\/www.ardennes1940aceuxquiontresiste.org\/index.php?rest_route=\/wp\/v2\/users\/1"}],"replies":[{"embeddable":true,"href":"http:\/\/www.ardennes1940aceuxquiontresiste.org\/index.php?rest_route=%2Fwp%2Fv2%2Fcomments&post=52"}],"version-history":[{"count":2,"href":"http:\/\/www.ardennes1940aceuxquiontresiste.org\/index.php?rest_route=\/wp\/v2\/posts\/52\/revisions"}],"predecessor-version":[{"id":146,"href":"http:\/\/www.ardennes1940aceuxquiontresiste.org\/index.php?rest_route=\/wp\/v2\/posts\/52\/revisions\/146"}],"wp:attachment":[{"href":"http:\/\/www.ardennes1940aceuxquiontresiste.org\/index.php?rest_route=%2Fwp%2Fv2%2Fmedia&parent=52"}],"wp:term":[{"taxonomy":"category","embeddable":true,"href":"http:\/\/www.ardennes1940aceuxquiontresiste.org\/index.php?rest_route=%2Fwp%2Fv2%2Fcategories&post=52"},{"taxonomy":"post_tag","embeddable":true,"href":"http:\/\/www.ardennes1940aceuxquiontresiste.org\/index.php?rest_route=%2Fwp%2Fv2%2Ftags&post=52"}],"curies":[{"name":"wp","href":"https:\/\/api.w.org\/{rel}","templated":true}]}}