{"id":2717,"date":"2025-02-23T23:08:35","date_gmt":"2025-02-23T22:08:35","guid":{"rendered":"http:\/\/www.ardennes1940aceuxquiontresiste.org\/?p=2717"},"modified":"2025-02-23T23:10:17","modified_gmt":"2025-02-23T22:10:17","slug":"dissolution-de-lassociation","status":"publish","type":"post","link":"http:\/\/www.ardennes1940aceuxquiontresiste.org\/?p=2717","title":{"rendered":"Dissolution de l&rsquo;association"},"content":{"rendered":"\n<p><strong>QUI ETIONS NOUS&nbsp;?<\/strong><\/p>\n\n\n\n<p>Oui, l\u2019arm\u00e9e fran\u00e7aise a r\u00e9sist\u00e9 en mai et juin 1940 dans les Ardennes et la Meuse\u00a0!<br>Cette association, <a href=\"http:\/\/www.ardennes1940aceuxquiontresiste.org\/?page_id=2\" data-type=\"link\" data-id=\"http:\/\/www.ardennes1940aceuxquiontresiste.org\/?page_id=2\">dissoute en novembre 2024<\/a>, s\u2019est efforc\u00e9e et de faire conna\u00eetre et reconna\u00eetre cette r\u00e9sistance.<\/p>\n\n\n\n<p><\/p>\n","protected":false},"excerpt":{"rendered":"<p>QUI ETIONS NOUS&nbsp;? Oui, l\u2019arm\u00e9e fran\u00e7aise a r\u00e9sist\u00e9 en mai et juin 1940 dans les Ardennes et la Meuse\u00a0!Cette association, dissoute en novembre 2024, s\u2019est efforc\u00e9e et de faire conna\u00eetre et reconna\u00eetre cette r\u00e9sistance.<\/p>\n","protected":false},"author":1,"featured_media":0,"comment_status":"closed","ping_status":"closed","sticky":false,"template":"","format":"standard","meta":{"footnotes":""},"categories":[1],"tags":[],"class_list":["post-2717","post","type-post","status-publish","format-standard","hentry","category-non-classe"],"_links":{"self":[{"href":"http:\/\/www.ardennes1940aceuxquiontresiste.org\/index.php?rest_route=\/wp\/v2\/posts\/2717","targetHints":{"allow":["GET"]}}],"collection":[{"href":"http:\/\/www.ardennes1940aceuxquiontresiste.org\/index.php?rest_route=\/wp\/v2\/posts"}],"about":[{"href":"http:\/\/www.ardennes1940aceuxquiontresiste.org\/index.php?rest_route=\/wp\/v2\/types\/post"}],"author":[{"embeddable":true,"href":"http:\/\/www.ardennes1940aceuxquiontresiste.org\/index.php?rest_route=\/wp\/v2\/users\/1"}],"replies":[{"embeddable":true,"href":"http:\/\/www.ardennes1940aceuxquiontresiste.org\/index.php?rest_route=%2Fwp%2Fv2%2Fcomments&post=2717"}],"version-history":[{"count":3,"href":"http:\/\/www.ardennes1940aceuxquiontresiste.org\/index.php?rest_route=\/wp\/v2\/posts\/2717\/revisions"}],"predecessor-version":[{"id":2720,"href":"http:\/\/www.ardennes1940aceuxquiontresiste.org\/index.php?rest_route=\/wp\/v2\/posts\/2717\/revisions\/2720"}],"wp:attachment":[{"href":"http:\/\/www.ardennes1940aceuxquiontresiste.org\/index.php?rest_route=%2Fwp%2Fv2%2Fmedia&parent=2717"}],"wp:term":[{"taxonomy":"category","embeddable":true,"href":"http:\/\/www.ardennes1940aceuxquiontresiste.org\/index.php?rest_route=%2Fwp%2Fv2%2Fcategories&post=2717"},{"taxonomy":"post_tag","embeddable":true,"href":"http:\/\/www.ardennes1940aceuxquiontresiste.org\/index.php?rest_route=%2Fwp%2Fv2%2Ftags&post=2717"}],"curies":[{"name":"wp","href":"https:\/\/api.w.org\/{rel}","templated":true}]}}