{"id":2522,"date":"2020-11-18T10:25:45","date_gmt":"2020-11-18T09:25:45","guid":{"rendered":"http:\/\/www.ardennes1940aceuxquiontresiste.org\/?p=2522"},"modified":"2020-11-18T10:26:37","modified_gmt":"2020-11-18T09:26:37","slug":"aout-2020-bapteme-dune-promotion-du-nom-de-stonne-a-lecole-militaire-de-paris","status":"publish","type":"post","link":"http:\/\/www.ardennes1940aceuxquiontresiste.org\/?p=2522","title":{"rendered":"BAPTEME D\u2019UNE PROMOTION DU NOM DE STONNE A L\u2019ECOLE MILITAIRE de PARIS"},"content":{"rendered":"<p style=\"text-align: center;\">Le 21 ao\u00fbt 2020 le nom de STONNE 1940 a \u00e9t\u00e9 donn\u00e9<\/p>\n<p style=\"text-align: center;\">\u00e0 la 133\u00b0 promotion du Cours Sup\u00e9rieur ORSEM<\/p>\n<p style=\"text-align: center;\">avec la pr\u00e9sence de William REBISZ, notre pr\u00e9sident, maire de Stonne.<\/p>\n<p><img loading=\"lazy\" decoding=\"async\" class=\"size-full wp-image-2525 alignleft\" src=\"http:\/\/www.ardennes1940aceuxquiontresiste.org\/wp-content\/uploads\/Capture-d\u2019\u00e9cran-2020-11-18-\u00e0-10.21.39.png\" alt=\"\" width=\"443\" height=\"294\" srcset=\"http:\/\/www.ardennes1940aceuxquiontresiste.org\/wp-content\/uploads\/Capture-d\u2019\u00e9cran-2020-11-18-\u00e0-10.21.39.png 443w, http:\/\/www.ardennes1940aceuxquiontresiste.org\/wp-content\/uploads\/Capture-d\u2019\u00e9cran-2020-11-18-\u00e0-10.21.39-300x199.png 300w\" sizes=\"auto, (max-width: 443px) 100vw, 443px\" \/><img loading=\"lazy\" decoding=\"async\" class=\"size-full wp-image-2524 alignleft\" src=\"http:\/\/www.ardennes1940aceuxquiontresiste.org\/wp-content\/uploads\/Capture-d\u2019\u00e9cran-2020-11-18-\u00e0-10.21.45.png\" alt=\"\" width=\"443\" height=\"295\" srcset=\"http:\/\/www.ardennes1940aceuxquiontresiste.org\/wp-content\/uploads\/Capture-d\u2019\u00e9cran-2020-11-18-\u00e0-10.21.45.png 443w, http:\/\/www.ardennes1940aceuxquiontresiste.org\/wp-content\/uploads\/Capture-d\u2019\u00e9cran-2020-11-18-\u00e0-10.21.45-300x200.png 300w\" sizes=\"auto, (max-width: 443px) 100vw, 443px\" \/><\/p>\n<p style=\"text-align: center;\"><img loading=\"lazy\" decoding=\"async\" class=\"aligncenter size-full wp-image-2523\" src=\"http:\/\/www.ardennes1940aceuxquiontresiste.org\/wp-content\/uploads\/Capture-d\u2019\u00e9cran-2020-11-18-\u00e0-10.21.52.png\" alt=\"\" width=\"496\" height=\"330\" srcset=\"http:\/\/www.ardennes1940aceuxquiontresiste.org\/wp-content\/uploads\/Capture-d\u2019\u00e9cran-2020-11-18-\u00e0-10.21.52.png 496w, http:\/\/www.ardennes1940aceuxquiontresiste.org\/wp-content\/uploads\/Capture-d\u2019\u00e9cran-2020-11-18-\u00e0-10.21.52-300x200.png 300w\" sizes=\"auto, (max-width: 496px) 100vw, 496px\" \/><\/p>\n<p style=\"text-align: center;\">C\u2019est une nouvelle reconnaissance officielle (au plan de l\u2019arm\u00e9e) de l\u2019importance des combats de r\u00e9sistance de STONNE et de notre action de m\u00e9moire.<\/p>\n<p style=\"text-align: center;\">Les victimes de ces combats, <em>les oubli\u00e9s de mai-juin 40<\/em>, et leur familles en seront honor\u00e9s\u00a0!<\/p>\n","protected":false},"excerpt":{"rendered":"<p>Le 21 ao\u00fbt 2020 le nom de STONNE 1940 a \u00e9t\u00e9 donn\u00e9 \u00e0 la 133\u00b0 promotion du Cours Sup\u00e9rieur ORSEM avec la pr\u00e9sence de William REBISZ, notre pr\u00e9sident, maire de Stonne. C\u2019est une nouvelle reconnaissance officielle (au plan de l\u2019arm\u00e9e) de l\u2019importance des combats de r\u00e9sistance de STONNE et de notre action de m\u00e9moire. Les [&hellip;]<\/p>\n","protected":false},"author":1,"featured_media":0,"comment_status":"closed","ping_status":"closed","sticky":false,"template":"","format":"standard","meta":{"footnotes":""},"categories":[5],"tags":[],"class_list":["post-2522","post","type-post","status-publish","format-standard","hentry","category-actualite"],"_links":{"self":[{"href":"http:\/\/www.ardennes1940aceuxquiontresiste.org\/index.php?rest_route=\/wp\/v2\/posts\/2522","targetHints":{"allow":["GET"]}}],"collection":[{"href":"http:\/\/www.ardennes1940aceuxquiontresiste.org\/index.php?rest_route=\/wp\/v2\/posts"}],"about":[{"href":"http:\/\/www.ardennes1940aceuxquiontresiste.org\/index.php?rest_route=\/wp\/v2\/types\/post"}],"author":[{"embeddable":true,"href":"http:\/\/www.ardennes1940aceuxquiontresiste.org\/index.php?rest_route=\/wp\/v2\/users\/1"}],"replies":[{"embeddable":true,"href":"http:\/\/www.ardennes1940aceuxquiontresiste.org\/index.php?rest_route=%2Fwp%2Fv2%2Fcomments&post=2522"}],"version-history":[{"count":5,"href":"http:\/\/www.ardennes1940aceuxquiontresiste.org\/index.php?rest_route=\/wp\/v2\/posts\/2522\/revisions"}],"predecessor-version":[{"id":2529,"href":"http:\/\/www.ardennes1940aceuxquiontresiste.org\/index.php?rest_route=\/wp\/v2\/posts\/2522\/revisions\/2529"}],"wp:attachment":[{"href":"http:\/\/www.ardennes1940aceuxquiontresiste.org\/index.php?rest_route=%2Fwp%2Fv2%2Fmedia&parent=2522"}],"wp:term":[{"taxonomy":"category","embeddable":true,"href":"http:\/\/www.ardennes1940aceuxquiontresiste.org\/index.php?rest_route=%2Fwp%2Fv2%2Fcategories&post=2522"},{"taxonomy":"post_tag","embeddable":true,"href":"http:\/\/www.ardennes1940aceuxquiontresiste.org\/index.php?rest_route=%2Fwp%2Fv2%2Ftags&post=2522"}],"curies":[{"name":"wp","href":"https:\/\/api.w.org\/{rel}","templated":true}]}}