{"id":2497,"date":"2020-06-21T21:44:22","date_gmt":"2020-06-21T20:44:22","guid":{"rendered":"http:\/\/www.ardennes1940aceuxquiontresiste.org\/?p=2497"},"modified":"2020-06-21T21:46:09","modified_gmt":"2020-06-21T20:46:09","slug":"2497","status":"publish","type":"post","link":"http:\/\/www.ardennes1940aceuxquiontresiste.org\/?p=2497","title":{"rendered":"Mai 2020 &#8211; M\u00e9moire toujours"},"content":{"rendered":"<div class=\"page\" title=\"Page 1\">\n<div class=\"layoutArea\">\n<div class=\"column\">\n<p style=\"text-align: left;\">Nous avions, comme tous les ans deux rendez-vous de M\u00e9moire : l\u2019un \u00e0 STONNE, l\u2019autre \u00e0 la n\u00e9cropole de FLOING. Les conditions sanitaires ont annul\u00e9 les deux manifestations <strong>publiques<\/strong>. Mais nous n\u2019avons pas voulu que nos morts soient eux aussi victimes du Coronavirus. Nous les avons honor\u00e9s en comit\u00e9 restreint :<\/p>\n<\/div>\n<div class=\"page\" title=\"Page 1\">\n<div class=\"layoutArea\">\n<div class=\"column\">\n<p><img loading=\"lazy\" decoding=\"async\" class=\"size-full wp-image-2498 aligncenter\" src=\"http:\/\/www.ardennes1940aceuxquiontresiste.org\/wp-content\/uploads\/Capture-d\u2019\u00e9cran-2020-06-21-\u00e0-22.39.23.png\" alt=\"\" width=\"342\" height=\"352\" srcset=\"http:\/\/www.ardennes1940aceuxquiontresiste.org\/wp-content\/uploads\/Capture-d\u2019\u00e9cran-2020-06-21-\u00e0-22.39.23.png 342w, http:\/\/www.ardennes1940aceuxquiontresiste.org\/wp-content\/uploads\/Capture-d\u2019\u00e9cran-2020-06-21-\u00e0-22.39.23-291x300.png 291w\" sizes=\"auto, (max-width: 342px) 100vw, 342px\" \/>A STONNE, le 16 mai, avec une repr\u00e9sentante du GBGM de Satory. Le d\u00e9p\u00f4t de gerbes s\u2019est fait au moment o\u00f9 l\u2019association APSCSE faisait le tour des st\u00e8les en y d\u00e9posant des fleurs.<\/p>\n<\/div>\n<\/div>\n<\/div>\n<\/div>\n<\/div>\n<div class=\"page\" title=\"Page 1\">\n<div class=\"layoutArea\">\n<div class=\"page\" title=\"Page 1\">\n<div class=\"layoutArea\">\n<div class=\"column\">\n<div class=\"page\" title=\"Page 1\">\n<div class=\"layoutArea\">\n<div class=\"column\">\n<p><img loading=\"lazy\" decoding=\"async\" class=\"size-full wp-image-2499 aligncenter\" src=\"http:\/\/www.ardennes1940aceuxquiontresiste.org\/wp-content\/uploads\/Capture-d\u2019\u00e9cran-2020-06-21-\u00e0-22.39.30.png\" alt=\"\" width=\"551\" height=\"308\" srcset=\"http:\/\/www.ardennes1940aceuxquiontresiste.org\/wp-content\/uploads\/Capture-d\u2019\u00e9cran-2020-06-21-\u00e0-22.39.30.png 551w, http:\/\/www.ardennes1940aceuxquiontresiste.org\/wp-content\/uploads\/Capture-d\u2019\u00e9cran-2020-06-21-\u00e0-22.39.30-300x168.png 300w\" sizes=\"auto, (max-width: 551px) 100vw, 551px\" \/>A FLOING, le vendredi 12 juin, sous la pluie, qui n\u2019a pas emp\u00each\u00e9 le pr\u00e9sident William REBISZ d\u2019adresser un message \u00e0 ceux qui ont sacrifi\u00e9 leur vie pour d\u00e9fendre la Patrie, d\u00e9p\u00f4t de gerbe en pr\u00e9sence du drapeau de notre association.<\/p>\n<\/div>\n<\/div>\n<\/div>\n<\/div>\n<div class=\"page\" title=\"Page 1\">\n<div class=\"layoutArea\">\n<div class=\"column\">\n<h3 style=\"text-align: center;\"><em><strong>Ce qui avait \u00e9t\u00e9 initialement pr\u00e9vu a \u00e9t\u00e9 report\u00e9 en 2021.<\/strong><\/em><\/h3>\n<\/div>\n<\/div>\n<\/div>\n<\/div>\n<\/div>\n<\/div>\n<\/div>\n","protected":false},"excerpt":{"rendered":"<p>Nous avions, comme tous les ans deux rendez-vous de M\u00e9moire : l\u2019un \u00e0 STONNE, l\u2019autre \u00e0 la n\u00e9cropole de FLOING. Les conditions sanitaires ont annul\u00e9 les deux manifestations publiques. Mais nous n\u2019avons pas voulu que nos morts soient eux aussi victimes du Coronavirus. Nous les avons honor\u00e9s en comit\u00e9 restreint : A STONNE, le 16 [&hellip;]<\/p>\n","protected":false},"author":1,"featured_media":0,"comment_status":"closed","ping_status":"closed","sticky":false,"template":"","format":"standard","meta":{"footnotes":""},"categories":[5],"tags":[],"class_list":["post-2497","post","type-post","status-publish","format-standard","hentry","category-actualite"],"_links":{"self":[{"href":"http:\/\/www.ardennes1940aceuxquiontresiste.org\/index.php?rest_route=\/wp\/v2\/posts\/2497","targetHints":{"allow":["GET"]}}],"collection":[{"href":"http:\/\/www.ardennes1940aceuxquiontresiste.org\/index.php?rest_route=\/wp\/v2\/posts"}],"about":[{"href":"http:\/\/www.ardennes1940aceuxquiontresiste.org\/index.php?rest_route=\/wp\/v2\/types\/post"}],"author":[{"embeddable":true,"href":"http:\/\/www.ardennes1940aceuxquiontresiste.org\/index.php?rest_route=\/wp\/v2\/users\/1"}],"replies":[{"embeddable":true,"href":"http:\/\/www.ardennes1940aceuxquiontresiste.org\/index.php?rest_route=%2Fwp%2Fv2%2Fcomments&post=2497"}],"version-history":[{"count":11,"href":"http:\/\/www.ardennes1940aceuxquiontresiste.org\/index.php?rest_route=\/wp\/v2\/posts\/2497\/revisions"}],"predecessor-version":[{"id":2510,"href":"http:\/\/www.ardennes1940aceuxquiontresiste.org\/index.php?rest_route=\/wp\/v2\/posts\/2497\/revisions\/2510"}],"wp:attachment":[{"href":"http:\/\/www.ardennes1940aceuxquiontresiste.org\/index.php?rest_route=%2Fwp%2Fv2%2Fmedia&parent=2497"}],"wp:term":[{"taxonomy":"category","embeddable":true,"href":"http:\/\/www.ardennes1940aceuxquiontresiste.org\/index.php?rest_route=%2Fwp%2Fv2%2Fcategories&post=2497"},{"taxonomy":"post_tag","embeddable":true,"href":"http:\/\/www.ardennes1940aceuxquiontresiste.org\/index.php?rest_route=%2Fwp%2Fv2%2Ftags&post=2497"}],"curies":[{"name":"wp","href":"https:\/\/api.w.org\/{rel}","templated":true}]}}