{"id":2479,"date":"2020-05-27T11:12:17","date_gmt":"2020-05-27T10:12:17","guid":{"rendered":"http:\/\/www.ardennes1940aceuxquiontresiste.org\/?p=2479"},"modified":"2020-05-27T11:24:38","modified_gmt":"2020-05-27T10:24:38","slug":"80-anniversaire-des-combats-de-mai-juin-2940-nouvelle-date-le-samedi-15-mai-2021","status":"publish","type":"post","link":"http:\/\/www.ardennes1940aceuxquiontresiste.org\/?p=2479","title":{"rendered":"80\u00b0 anniversaire des combats de mai-juin 1940 &#8211; Nouvelle date : le samedi 15 mai 2021 !"},"content":{"rendered":"<div class=\"page\" title=\"Page 1\">\n<div class=\"layoutArea\">\n<div class=\"column\">\n<p><img loading=\"lazy\" decoding=\"async\" class=\"alignleft size-full wp-image-2480\" src=\"http:\/\/www.ardennes1940aceuxquiontresiste.org\/wp-content\/uploads\/Capture-d\u2019\u00e9cran-2020-05-27-\u00e0-12.09.59.png\" alt=\"\" width=\"201\" height=\"133\" \/>Comme partout dans l\u2019hexagone, des mesures gouvernementales li\u00e9es \u00e0 l\u2019\u00e9tat sanitaire du pays ont annul\u00e9 les manifestations publiques pr\u00e9vues dans le cadre du <strong>80\u00b0 anniversaire des combats de mai-juin 1940<\/strong>. Les premiers affect\u00e9s ont \u00e9t\u00e9 les organisateurs qui s\u2019\u00e9taient mobilis\u00e9s pour b\u00e2tir un programme\u00a0exceptionnel.<\/p>\n<p>Mais annulation pour 2020 ne signifie pas suppression! Le m\u00eame\u00a0programme est en train d\u2019\u00eatre mis sur pied pour 2021 (<strong>samedi 15 mai 2021<\/strong>). Retenez cette date !<\/p>\n<\/div>\n<\/div>\n<\/div>\n","protected":false},"excerpt":{"rendered":"<p>Comme partout dans l\u2019hexagone, des mesures gouvernementales li\u00e9es \u00e0 l\u2019\u00e9tat sanitaire du pays ont annul\u00e9 les manifestations publiques pr\u00e9vues dans le cadre du 80\u00b0 anniversaire des combats de mai-juin 1940. Les premiers affect\u00e9s ont \u00e9t\u00e9 les organisateurs qui s\u2019\u00e9taient mobilis\u00e9s pour b\u00e2tir un programme\u00a0exceptionnel. Mais annulation pour 2020 ne signifie pas suppression! Le m\u00eame\u00a0programme est [&hellip;]<\/p>\n","protected":false},"author":1,"featured_media":0,"comment_status":"closed","ping_status":"closed","sticky":false,"template":"","format":"standard","meta":{"footnotes":""},"categories":[5],"tags":[],"class_list":["post-2479","post","type-post","status-publish","format-standard","hentry","category-actualite"],"_links":{"self":[{"href":"http:\/\/www.ardennes1940aceuxquiontresiste.org\/index.php?rest_route=\/wp\/v2\/posts\/2479","targetHints":{"allow":["GET"]}}],"collection":[{"href":"http:\/\/www.ardennes1940aceuxquiontresiste.org\/index.php?rest_route=\/wp\/v2\/posts"}],"about":[{"href":"http:\/\/www.ardennes1940aceuxquiontresiste.org\/index.php?rest_route=\/wp\/v2\/types\/post"}],"author":[{"embeddable":true,"href":"http:\/\/www.ardennes1940aceuxquiontresiste.org\/index.php?rest_route=\/wp\/v2\/users\/1"}],"replies":[{"embeddable":true,"href":"http:\/\/www.ardennes1940aceuxquiontresiste.org\/index.php?rest_route=%2Fwp%2Fv2%2Fcomments&post=2479"}],"version-history":[{"count":2,"href":"http:\/\/www.ardennes1940aceuxquiontresiste.org\/index.php?rest_route=\/wp\/v2\/posts\/2479\/revisions"}],"predecessor-version":[{"id":2486,"href":"http:\/\/www.ardennes1940aceuxquiontresiste.org\/index.php?rest_route=\/wp\/v2\/posts\/2479\/revisions\/2486"}],"wp:attachment":[{"href":"http:\/\/www.ardennes1940aceuxquiontresiste.org\/index.php?rest_route=%2Fwp%2Fv2%2Fmedia&parent=2479"}],"wp:term":[{"taxonomy":"category","embeddable":true,"href":"http:\/\/www.ardennes1940aceuxquiontresiste.org\/index.php?rest_route=%2Fwp%2Fv2%2Fcategories&post=2479"},{"taxonomy":"post_tag","embeddable":true,"href":"http:\/\/www.ardennes1940aceuxquiontresiste.org\/index.php?rest_route=%2Fwp%2Fv2%2Ftags&post=2479"}],"curies":[{"name":"wp","href":"https:\/\/api.w.org\/{rel}","templated":true}]}}