{"id":2367,"date":"2019-05-28T18:35:52","date_gmt":"2019-05-28T17:35:52","guid":{"rendered":"http:\/\/www.ardennes1940aceuxquiontresiste.org\/?p=2367"},"modified":"2019-05-28T18:37:29","modified_gmt":"2019-05-28T17:37:29","slug":"19-mai-2019-journee-de-memoire-a-stonne","status":"publish","type":"post","link":"http:\/\/www.ardennes1940aceuxquiontresiste.org\/?p=2367","title":{"rendered":"19 mai 2019 : Journ\u00e9e de M\u00e9moire \u00e0 Stonne"},"content":{"rendered":"<p><strong>HOMMAGE AUX COMBATTANTS DE MAI-JUIN 1940<\/strong><\/p>\n<p>Bien que la pluie soit au rendez-vous, bonne participation \u00e0 cette manifestation avec la pr\u00e9sence du D\u00e9l\u00e9gu\u00e9 Militaire 08, du Cential de Mourmelon, de la Gendarmerie, des amis de Saint Quentin (car mis \u00e0 disposition par la ville), des associations patriotiques locales et leurs porte-drapeaux, des enfants des \u00e9coles de Ch\u00e9mery et de Brieulles et de la population. Mme la Sous-Pr\u00e9f\u00e8te de Sedan a pr\u00e9sid\u00e9 la premi\u00e8re partie et, devoir de r\u00e9serve oblige, a du ensuite nous quitter.<br \/>\nNous avons vivement appr\u00e9ci\u00e9 l&rsquo;appui et l&rsquo;engagement du pr\u00e9sident du Conseil d\u00e9partemental,    M No\u00ebl Bourgeois.(essentiel de son texte ci-dessous).<br \/>\nLe pr\u00e9sident REBISZ a soulign\u00e9 l&rsquo;importance du monument de la R\u00e9conciliation \u00e9rig\u00e9 en 1960-62 qui rappelle au passant que la raison finit par l&#8217;emporter et que le choix de la Paix a \u00e9t\u00e9 fait d\u00e8s l&rsquo;origine, par les v\u00e9t\u00e9rans des deux pays.<br \/>\nUn hommage aux 51\u00b0 RI a  ensuite \u00e9t\u00e9 rendu aux Grandes Armoises o\u00f9 la matin\u00e9e s&rsquo;est termin\u00e9e par un pot de l&rsquo;amiti\u00e9.   \t\t\t\t\t<\/p>\n<div id=\"attachment_2368\" style=\"width: 954px\" class=\"wp-caption aligncenter\"><img loading=\"lazy\" decoding=\"async\" aria-describedby=\"caption-attachment-2368\" src=\"http:\/\/www.ardennes1940aceuxquiontresiste.org\/wp-content\/uploads\/Capture-d\u2019\u00e9cran-2019-05-28-\u00e0-19.28.58.png\" alt=\"\" width=\"944\" height=\"626\" class=\"size-full wp-image-2368\" srcset=\"http:\/\/www.ardennes1940aceuxquiontresiste.org\/wp-content\/uploads\/Capture-d\u2019\u00e9cran-2019-05-28-\u00e0-19.28.58.png 944w, http:\/\/www.ardennes1940aceuxquiontresiste.org\/wp-content\/uploads\/Capture-d\u2019\u00e9cran-2019-05-28-\u00e0-19.28.58-300x199.png 300w, http:\/\/www.ardennes1940aceuxquiontresiste.org\/wp-content\/uploads\/Capture-d\u2019\u00e9cran-2019-05-28-\u00e0-19.28.58-768x509.png 768w, http:\/\/www.ardennes1940aceuxquiontresiste.org\/wp-content\/uploads\/Capture-d\u2019\u00e9cran-2019-05-28-\u00e0-19.28.58-624x414.png 624w\" sizes=\"auto, (max-width: 944px) 100vw, 944px\" \/><p id=\"caption-attachment-2368\" class=\"wp-caption-text\">Hommage \u00e0 la 3\u00b0 DIM et 3\u00b0 DCR<\/p><\/div>\n<div id=\"attachment_2369\" style=\"width: 1154px\" class=\"wp-caption aligncenter\"><img loading=\"lazy\" decoding=\"async\" aria-describedby=\"caption-attachment-2369\" src=\"http:\/\/www.ardennes1940aceuxquiontresiste.org\/wp-content\/uploads\/Capture-d\u2019\u00e9cran-2019-05-28-\u00e0-19.30.51.png\" alt=\"\" width=\"1144\" height=\"375\" class=\"size-full wp-image-2369\" srcset=\"http:\/\/www.ardennes1940aceuxquiontresiste.org\/wp-content\/uploads\/Capture-d\u2019\u00e9cran-2019-05-28-\u00e0-19.30.51.png 1144w, http:\/\/www.ardennes1940aceuxquiontresiste.org\/wp-content\/uploads\/Capture-d\u2019\u00e9cran-2019-05-28-\u00e0-19.30.51-300x98.png 300w, http:\/\/www.ardennes1940aceuxquiontresiste.org\/wp-content\/uploads\/Capture-d\u2019\u00e9cran-2019-05-28-\u00e0-19.30.51-768x252.png 768w, http:\/\/www.ardennes1940aceuxquiontresiste.org\/wp-content\/uploads\/Capture-d\u2019\u00e9cran-2019-05-28-\u00e0-19.30.51-1024x336.png 1024w, http:\/\/www.ardennes1940aceuxquiontresiste.org\/wp-content\/uploads\/Capture-d\u2019\u00e9cran-2019-05-28-\u00e0-19.30.51-624x205.png 624w\" sizes=\"auto, (max-width: 1144px) 100vw, 1144px\" \/><p id=\"caption-attachment-2369\" class=\"wp-caption-text\">Hommage \u00e0 toute les unit\u00e9s combattantes<\/p><\/div>\n<div id=\"attachment_2370\" style=\"width: 1002px\" class=\"wp-caption aligncenter\"><img loading=\"lazy\" decoding=\"async\" aria-describedby=\"caption-attachment-2370\" src=\"http:\/\/www.ardennes1940aceuxquiontresiste.org\/wp-content\/uploads\/Capture-d\u2019\u00e9cran-2019-05-28-\u00e0-19.32.23.png\" alt=\"\" width=\"992\" height=\"661\" class=\"size-full wp-image-2370\" srcset=\"http:\/\/www.ardennes1940aceuxquiontresiste.org\/wp-content\/uploads\/Capture-d\u2019\u00e9cran-2019-05-28-\u00e0-19.32.23.png 992w, http:\/\/www.ardennes1940aceuxquiontresiste.org\/wp-content\/uploads\/Capture-d\u2019\u00e9cran-2019-05-28-\u00e0-19.32.23-300x200.png 300w, http:\/\/www.ardennes1940aceuxquiontresiste.org\/wp-content\/uploads\/Capture-d\u2019\u00e9cran-2019-05-28-\u00e0-19.32.23-768x512.png 768w, http:\/\/www.ardennes1940aceuxquiontresiste.org\/wp-content\/uploads\/Capture-d\u2019\u00e9cran-2019-05-28-\u00e0-19.32.23-624x416.png 624w\" sizes=\"auto, (max-width: 992px) 100vw, 992px\" \/><p id=\"caption-attachment-2370\" class=\"wp-caption-text\">Intervention de M No\u00ebl BOURGEOIS, pr\u00e9sident du Conseil D\u00e9partemental<\/p><\/div>\n<p><strong>ALLOCUTION de MONSIEUR No\u00ebl BOURGEOIS pr\u00e9sident du CONSEIL D\u00c9PARTEMENTAL (extraits)<\/strong><br \/>\nNous savons tous ici, et dans les Ardennes plus qu\u2019ailleurs, que les six semaines des combats de la Bataille de France en Mai et Juin 1940 n\u2019ont pas \u00e9t\u00e9 ce que la m\u00e9moire collective fran\u00e7aise en a retenu&#8230;&#8230;.<br \/>\nA l\u2019encontre de tous les clich\u00e9s colport\u00e9s avec complaisance, qui retiennent de cet \u00e9pisode douloureux de notre histoire une arm\u00e9e fran\u00e7aise en d\u00e9route se rendant sans combattre \u00e0 une arm\u00e9e allemande facilement victorieuse, nous avons dans notre d\u00e9partement un tr\u00e8s grand devoir \u00e0 accomplir&#8230;&#8230;<br \/>\nAu-del\u00e0 du devoir de m\u00e9moire qui nous incombe d\u00e9j\u00e0 plus qu\u2019\u00e0 d\u2019autres, parce que les Ardennes ont subi la violence des combats, l\u2019exode des habitants et la ruine de nos villes et villages, c\u2019est un devoir de justice et d\u2019honneur que nous devons remplir \u00e0 l\u2019\u00e9gard de tous les soldats morts sur notre sol ardennais, pendant ces quelques semaines de mai et juin 1940, parce qu\u2019ils ont voulu r\u00e9sister \u00e0 l\u2019invasion ennemie&#8230;&#8230;<br \/>\nJusqu\u2019\u00e0 maintenant, pour de nombreuses raisons, la France n\u2019a pas ou trop peu honor\u00e9 ses morts de 1940 et m\u00eame ne fait pas d\u2019efforts pour s\u2019en souvenir. C\u2019est donc dans les Ardennes, o\u00f9 s\u2019est jou\u00e9 le destin du pays et qui ont \u00e9t\u00e9, une nouvelle fois dans l\u2019histoire, une terre \u00e9prouv\u00e9e plus que d\u2019autres que nous devons inlassablement rappeler la r\u00e9alit\u00e9 des faits, l\u2019ampleur des pertes &#8211; fran\u00e7aises et allemandes -, le courage de tous les soldats qui ont r\u00e9sist\u00e9 dans l\u2019honneur, jusqu\u2019\u00e0 un sacrifice que beaucoup d\u2019entre eux ont rapidement su et accept\u00e9 comme ultime&#8230;..<br \/>\nC\u2019est \u00e0 STONNE, site peut-\u00eatre le plus embl\u00e9matique de la r\u00e9sistance des troupes fran\u00e7aises y compris dans la m\u00e9moire allemande, que depuis des ann\u00e9es on rappelle l\u2019ampleur des engagements et le courage de ces hommes qui se sont battus jusqu\u2019\u00e0 la limite de leurs forces. Et ce n\u2019\u00e9tait pas moins vrai \u00e0 Montherm\u00e9, \u00e0 Sedan, \u00e0 Villy-La-Fert\u00e9, \u00e0 La Horgne, \u00e0 Asfeld et le long de l\u2019Aisne et du Canal des Ardennes o\u00f9 cette r\u00e9sistance a \u00e9t\u00e9 acharn\u00e9e&#8230;..<br \/>\nC\u2019est gr\u00e2ce \u00e0 l\u2019Association \u00ab Ardennes 40 \u00bb, avec ses pr\u00e9sidents successifs, Robert LECLERCQ, v\u00e9t\u00e9ran des combats, puis Michel BAUDIER pendant de longues ann\u00e9es et aujourd\u2019hui M. William REBISZ Maire de STONNE, qu\u2019est inlassablement transmise la m\u00e9moire de \u00ab ceux qui ont r\u00e9sist\u00e9 \u00bb, et que STONNE, village enti\u00e8rement d\u00e9truit est devenu ce haut-lieu de m\u00e9moire&#8230;&#8230;..<br \/>\nJe veux saluer leur engagement infatigable et b\u00e9n\u00e9vole et les assurer du soutien fid\u00e8le du Conseil D\u00e9partemental. Votre pr\u00e9sence nombreuse t\u00e9moigne de l\u2019utilit\u00e9 de leurs efforts et la pr\u00e9sence traditionnelle du repr\u00e9sentant de l\u2019\u00c9tat et d\u2019un d\u00e9tachement militaire marque la reconnaissance officielle de la l\u00e9gitimit\u00e9 de leur d\u00e9marche&#8230;&#8230;.<br \/>\nMerci \u00e0 vous tous, qui \u00eates les porteurs de la m\u00e9moire des combats de 1940, pour la part que vous y prenez et pour l\u2019hommage que nous pouvons continuer de rendre ensemble aux combattants tomb\u00e9s pour la France dans nos Ardennes. <\/p>\n","protected":false},"excerpt":{"rendered":"<p>HOMMAGE AUX COMBATTANTS DE MAI-JUIN 1940 Bien que la pluie soit au rendez-vous, bonne participation \u00e0 cette manifestation avec la pr\u00e9sence du D\u00e9l\u00e9gu\u00e9 Militaire 08, du Cential de Mourmelon, de la Gendarmerie, des amis de Saint Quentin (car mis \u00e0 disposition par la ville), des associations patriotiques locales et leurs porte-drapeaux, des enfants des \u00e9coles [&hellip;]<\/p>\n","protected":false},"author":1,"featured_media":0,"comment_status":"closed","ping_status":"closed","sticky":false,"template":"","format":"standard","meta":{"footnotes":""},"categories":[5],"tags":[],"class_list":["post-2367","post","type-post","status-publish","format-standard","hentry","category-actualite"],"_links":{"self":[{"href":"http:\/\/www.ardennes1940aceuxquiontresiste.org\/index.php?rest_route=\/wp\/v2\/posts\/2367","targetHints":{"allow":["GET"]}}],"collection":[{"href":"http:\/\/www.ardennes1940aceuxquiontresiste.org\/index.php?rest_route=\/wp\/v2\/posts"}],"about":[{"href":"http:\/\/www.ardennes1940aceuxquiontresiste.org\/index.php?rest_route=\/wp\/v2\/types\/post"}],"author":[{"embeddable":true,"href":"http:\/\/www.ardennes1940aceuxquiontresiste.org\/index.php?rest_route=\/wp\/v2\/users\/1"}],"replies":[{"embeddable":true,"href":"http:\/\/www.ardennes1940aceuxquiontresiste.org\/index.php?rest_route=%2Fwp%2Fv2%2Fcomments&post=2367"}],"version-history":[{"count":2,"href":"http:\/\/www.ardennes1940aceuxquiontresiste.org\/index.php?rest_route=\/wp\/v2\/posts\/2367\/revisions"}],"predecessor-version":[{"id":2372,"href":"http:\/\/www.ardennes1940aceuxquiontresiste.org\/index.php?rest_route=\/wp\/v2\/posts\/2367\/revisions\/2372"}],"wp:attachment":[{"href":"http:\/\/www.ardennes1940aceuxquiontresiste.org\/index.php?rest_route=%2Fwp%2Fv2%2Fmedia&parent=2367"}],"wp:term":[{"taxonomy":"category","embeddable":true,"href":"http:\/\/www.ardennes1940aceuxquiontresiste.org\/index.php?rest_route=%2Fwp%2Fv2%2Fcategories&post=2367"},{"taxonomy":"post_tag","embeddable":true,"href":"http:\/\/www.ardennes1940aceuxquiontresiste.org\/index.php?rest_route=%2Fwp%2Fv2%2Ftags&post=2367"}],"curies":[{"name":"wp","href":"https:\/\/api.w.org\/{rel}","templated":true}]}}