{"id":2300,"date":"2018-09-13T16:43:37","date_gmt":"2018-09-13T15:43:37","guid":{"rendered":"http:\/\/www.ardennes1940aceuxquiontresiste.org\/?p=2300"},"modified":"2018-09-13T16:43:42","modified_gmt":"2018-09-13T15:43:42","slug":"3-septembre-2018-conference-armistice-trahison","status":"publish","type":"post","link":"http:\/\/www.ardennes1940aceuxquiontresiste.org\/?p=2300","title":{"rendered":"3 septembre 2018 &#8211; Conf\u00e9rence Armistice-trahison"},"content":{"rendered":"<div class=\"page\" title=\"Page 1\">\n<div class=\"layoutArea\">\n<div class=\"column\">\n<p style=\"text-align: center;\"><strong>Conf\u00e9rence organis\u00e9e par Ardennes 1940, l&rsquo;AFMD 08 avec l&rsquo;appui de la ville de Charleville-M\u00e9zi\u00e8res le 3 septembre 2018<\/strong><br \/>\nsujet : Armistice-trahison<br \/>\nconf\u00e9rencier : M Charles de COURSON<br \/>\ndont le grand-p\u00e8re, d\u00e9put\u00e9, fut un des 80 opposants \u00e0 P\u00e9tain le 10 juillet 1940, un r\u00e9sistant notoire finalement d\u00e9port\u00e9 \u00e0 Neuengamme o\u00f9 il est d\u00e9c\u00e9d\u00e9.<\/p>\n<\/div>\n<\/div>\n<\/div>\n<p style=\"text-align: center;\"><em>AFMD : Amis de la Fondation pour la M\u00e9moire de la D\u00e9portation<\/em><\/p>\n<p>&nbsp;<\/p>\n<p><img loading=\"lazy\" decoding=\"async\" class=\"aligncenter size-full wp-image-2301\" src=\"http:\/\/www.ardennes1940aceuxquiontresiste.org\/wp-content\/uploads\/Capture-d\u2019\u00e9cran-2018-09-13-\u00e0-17.40.24.png\" alt=\"\" width=\"1017\" height=\"571\" srcset=\"http:\/\/www.ardennes1940aceuxquiontresiste.org\/wp-content\/uploads\/Capture-d\u2019\u00e9cran-2018-09-13-\u00e0-17.40.24.png 1017w, http:\/\/www.ardennes1940aceuxquiontresiste.org\/wp-content\/uploads\/Capture-d\u2019\u00e9cran-2018-09-13-\u00e0-17.40.24-300x168.png 300w, http:\/\/www.ardennes1940aceuxquiontresiste.org\/wp-content\/uploads\/Capture-d\u2019\u00e9cran-2018-09-13-\u00e0-17.40.24-768x431.png 768w, http:\/\/www.ardennes1940aceuxquiontresiste.org\/wp-content\/uploads\/Capture-d\u2019\u00e9cran-2018-09-13-\u00e0-17.40.24-624x350.png 624w\" sizes=\"auto, (max-width: 1017px) 100vw, 1017px\" \/><\/p>\n","protected":false},"excerpt":{"rendered":"<p>Conf\u00e9rence organis\u00e9e par Ardennes 1940, l&rsquo;AFMD 08 avec l&rsquo;appui de la ville de Charleville-M\u00e9zi\u00e8res le 3 septembre 2018 sujet : Armistice-trahison conf\u00e9rencier : M Charles de COURSON dont le grand-p\u00e8re, d\u00e9put\u00e9, fut un des 80 opposants \u00e0 P\u00e9tain le 10 juillet 1940, un r\u00e9sistant notoire finalement d\u00e9port\u00e9 \u00e0 Neuengamme o\u00f9 il est d\u00e9c\u00e9d\u00e9. AFMD : [&hellip;]<\/p>\n","protected":false},"author":1,"featured_media":0,"comment_status":"closed","ping_status":"closed","sticky":false,"template":"","format":"standard","meta":{"footnotes":""},"categories":[5],"tags":[],"class_list":["post-2300","post","type-post","status-publish","format-standard","hentry","category-actualite"],"_links":{"self":[{"href":"http:\/\/www.ardennes1940aceuxquiontresiste.org\/index.php?rest_route=\/wp\/v2\/posts\/2300","targetHints":{"allow":["GET"]}}],"collection":[{"href":"http:\/\/www.ardennes1940aceuxquiontresiste.org\/index.php?rest_route=\/wp\/v2\/posts"}],"about":[{"href":"http:\/\/www.ardennes1940aceuxquiontresiste.org\/index.php?rest_route=\/wp\/v2\/types\/post"}],"author":[{"embeddable":true,"href":"http:\/\/www.ardennes1940aceuxquiontresiste.org\/index.php?rest_route=\/wp\/v2\/users\/1"}],"replies":[{"embeddable":true,"href":"http:\/\/www.ardennes1940aceuxquiontresiste.org\/index.php?rest_route=%2Fwp%2Fv2%2Fcomments&post=2300"}],"version-history":[{"count":3,"href":"http:\/\/www.ardennes1940aceuxquiontresiste.org\/index.php?rest_route=\/wp\/v2\/posts\/2300\/revisions"}],"predecessor-version":[{"id":2304,"href":"http:\/\/www.ardennes1940aceuxquiontresiste.org\/index.php?rest_route=\/wp\/v2\/posts\/2300\/revisions\/2304"}],"wp:attachment":[{"href":"http:\/\/www.ardennes1940aceuxquiontresiste.org\/index.php?rest_route=%2Fwp%2Fv2%2Fmedia&parent=2300"}],"wp:term":[{"taxonomy":"category","embeddable":true,"href":"http:\/\/www.ardennes1940aceuxquiontresiste.org\/index.php?rest_route=%2Fwp%2Fv2%2Fcategories&post=2300"},{"taxonomy":"post_tag","embeddable":true,"href":"http:\/\/www.ardennes1940aceuxquiontresiste.org\/index.php?rest_route=%2Fwp%2Fv2%2Ftags&post=2300"}],"curies":[{"name":"wp","href":"https:\/\/api.w.org\/{rel}","templated":true}]}}