{"id":2288,"date":"2018-06-17T20:04:55","date_gmt":"2018-06-17T19:04:55","guid":{"rendered":"http:\/\/www.ardennes1940aceuxquiontresiste.org\/?p=2288"},"modified":"2018-06-17T20:10:18","modified_gmt":"2018-06-17T19:10:18","slug":"8-juin-2018-soiree-de-memoire-de-floing","status":"publish","type":"post","link":"http:\/\/www.ardennes1940aceuxquiontresiste.org\/?p=2288","title":{"rendered":"8 juin 2018 &#8211; Soir\u00e9e de m\u00e9moire de Floing"},"content":{"rendered":"<p>A l&rsquo;initiative de notre association, avec l&rsquo;appui du Conseil D\u00e9partemental des Ardennes et de l&rsquo;ONAC08, une soir\u00e9e de recueillement a \u00e9t\u00e9 organis\u00e9e \u00e0 la m\u00e9moire de tous les combattants qui ont vers\u00e9 leur sang sur le territoire ardennais en mai-juin 1940.<\/p>\n<p><img loading=\"lazy\" decoding=\"async\" class=\"aligncenter size-full wp-image-2289\" src=\"http:\/\/www.ardennes1940aceuxquiontresiste.org\/wp-content\/uploads\/Capture-d\u2019\u00e9cran-2018-06-17-\u00e0-21.00.52.png\" alt=\"\" width=\"765\" height=\"505\" srcset=\"http:\/\/www.ardennes1940aceuxquiontresiste.org\/wp-content\/uploads\/Capture-d\u2019\u00e9cran-2018-06-17-\u00e0-21.00.52.png 765w, http:\/\/www.ardennes1940aceuxquiontresiste.org\/wp-content\/uploads\/Capture-d\u2019\u00e9cran-2018-06-17-\u00e0-21.00.52-300x198.png 300w, http:\/\/www.ardennes1940aceuxquiontresiste.org\/wp-content\/uploads\/Capture-d\u2019\u00e9cran-2018-06-17-\u00e0-21.00.52-624x412.png 624w\" sizes=\"auto, (max-width: 765px) 100vw, 765px\" \/><\/p>\n<div id=\"attachment_2290\" style=\"width: 597px\" class=\"wp-caption aligncenter\"><img loading=\"lazy\" decoding=\"async\" aria-describedby=\"caption-attachment-2290\" class=\"size-full wp-image-2290\" src=\"http:\/\/www.ardennes1940aceuxquiontresiste.org\/wp-content\/uploads\/Capture-d\u2019\u00e9cran-2018-06-17-\u00e0-21.00.58.png\" alt=\"\" width=\"587\" height=\"435\" srcset=\"http:\/\/www.ardennes1940aceuxquiontresiste.org\/wp-content\/uploads\/Capture-d\u2019\u00e9cran-2018-06-17-\u00e0-21.00.58.png 587w, http:\/\/www.ardennes1940aceuxquiontresiste.org\/wp-content\/uploads\/Capture-d\u2019\u00e9cran-2018-06-17-\u00e0-21.00.58-300x222.png 300w\" sizes=\"auto, (max-width: 587px) 100vw, 587px\" \/><p id=\"caption-attachment-2290\" class=\"wp-caption-text\">D\u00e9p\u00f4t de fleurs par des jeunes sur une tombe chr\u00e9tienne, juive, musulmane<\/p><\/div>\n<div id=\"attachment_2291\" style=\"width: 438px\" class=\"wp-caption aligncenter\"><img loading=\"lazy\" decoding=\"async\" aria-describedby=\"caption-attachment-2291\" class=\"size-full wp-image-2291\" src=\"http:\/\/www.ardennes1940aceuxquiontresiste.org\/wp-content\/uploads\/Capture-d\u2019\u00e9cran-2018-06-17-\u00e0-21.03.40.png\" alt=\"\" width=\"428\" height=\"570\" srcset=\"http:\/\/www.ardennes1940aceuxquiontresiste.org\/wp-content\/uploads\/Capture-d\u2019\u00e9cran-2018-06-17-\u00e0-21.03.40.png 428w, http:\/\/www.ardennes1940aceuxquiontresiste.org\/wp-content\/uploads\/Capture-d\u2019\u00e9cran-2018-06-17-\u00e0-21.03.40-225x300.png 225w\" sizes=\"auto, (max-width: 428px) 100vw, 428px\" \/><p id=\"caption-attachment-2291\" class=\"wp-caption-text\">Intervention du Pr\u00e9sident W. REBISZ<\/p><\/div>\n<div id=\"attachment_2292\" style=\"width: 696px\" class=\"wp-caption aligncenter\"><img loading=\"lazy\" decoding=\"async\" aria-describedby=\"caption-attachment-2292\" class=\"size-full wp-image-2292\" src=\"http:\/\/www.ardennes1940aceuxquiontresiste.org\/wp-content\/uploads\/Capture-d\u2019\u00e9cran-2018-06-17-\u00e0-21.03.47.png\" alt=\"\" width=\"686\" height=\"536\" srcset=\"http:\/\/www.ardennes1940aceuxquiontresiste.org\/wp-content\/uploads\/Capture-d\u2019\u00e9cran-2018-06-17-\u00e0-21.03.47.png 686w, http:\/\/www.ardennes1940aceuxquiontresiste.org\/wp-content\/uploads\/Capture-d\u2019\u00e9cran-2018-06-17-\u00e0-21.03.47-300x234.png 300w, http:\/\/www.ardennes1940aceuxquiontresiste.org\/wp-content\/uploads\/Capture-d\u2019\u00e9cran-2018-06-17-\u00e0-21.03.47-624x488.png 624w\" sizes=\"auto, (max-width: 686px) 100vw, 686px\" \/><p id=\"caption-attachment-2292\" class=\"wp-caption-text\">Intervention de Madame la Sous-Pr\u00e9f\u00e8te de SEDAN<\/p><\/div>\n","protected":false},"excerpt":{"rendered":"<p>A l&rsquo;initiative de notre association, avec l&rsquo;appui du Conseil D\u00e9partemental des Ardennes et de l&rsquo;ONAC08, une soir\u00e9e de recueillement a \u00e9t\u00e9 organis\u00e9e \u00e0 la m\u00e9moire de tous les combattants qui ont vers\u00e9 leur sang sur le territoire ardennais en mai-juin 1940.<\/p>\n","protected":false},"author":1,"featured_media":0,"comment_status":"closed","ping_status":"closed","sticky":false,"template":"","format":"standard","meta":{"footnotes":""},"categories":[5],"tags":[],"class_list":["post-2288","post","type-post","status-publish","format-standard","hentry","category-actualite"],"_links":{"self":[{"href":"http:\/\/www.ardennes1940aceuxquiontresiste.org\/index.php?rest_route=\/wp\/v2\/posts\/2288","targetHints":{"allow":["GET"]}}],"collection":[{"href":"http:\/\/www.ardennes1940aceuxquiontresiste.org\/index.php?rest_route=\/wp\/v2\/posts"}],"about":[{"href":"http:\/\/www.ardennes1940aceuxquiontresiste.org\/index.php?rest_route=\/wp\/v2\/types\/post"}],"author":[{"embeddable":true,"href":"http:\/\/www.ardennes1940aceuxquiontresiste.org\/index.php?rest_route=\/wp\/v2\/users\/1"}],"replies":[{"embeddable":true,"href":"http:\/\/www.ardennes1940aceuxquiontresiste.org\/index.php?rest_route=%2Fwp%2Fv2%2Fcomments&post=2288"}],"version-history":[{"count":3,"href":"http:\/\/www.ardennes1940aceuxquiontresiste.org\/index.php?rest_route=\/wp\/v2\/posts\/2288\/revisions"}],"predecessor-version":[{"id":2295,"href":"http:\/\/www.ardennes1940aceuxquiontresiste.org\/index.php?rest_route=\/wp\/v2\/posts\/2288\/revisions\/2295"}],"wp:attachment":[{"href":"http:\/\/www.ardennes1940aceuxquiontresiste.org\/index.php?rest_route=%2Fwp%2Fv2%2Fmedia&parent=2288"}],"wp:term":[{"taxonomy":"category","embeddable":true,"href":"http:\/\/www.ardennes1940aceuxquiontresiste.org\/index.php?rest_route=%2Fwp%2Fv2%2Fcategories&post=2288"},{"taxonomy":"post_tag","embeddable":true,"href":"http:\/\/www.ardennes1940aceuxquiontresiste.org\/index.php?rest_route=%2Fwp%2Fv2%2Ftags&post=2288"}],"curies":[{"name":"wp","href":"https:\/\/api.w.org\/{rel}","templated":true}]}}