{"id":2259,"date":"2018-05-29T12:58:35","date_gmt":"2018-05-29T11:58:35","guid":{"rendered":"http:\/\/www.ardennes1940aceuxquiontresiste.org\/?p=2259"},"modified":"2018-05-29T12:59:05","modified_gmt":"2018-05-29T11:59:05","slug":"17-mai-2018-des-carolomaceriens-a-la-decouverte-de-stonne","status":"publish","type":"post","link":"http:\/\/www.ardennes1940aceuxquiontresiste.org\/?p=2259","title":{"rendered":"17 Mai 2018 &#8211; Des Carolomac\u00e9riens \u00e0 la d\u00e9couverte de STONNE"},"content":{"rendered":"<div class=\"page\" title=\"Page 1\">\n<div class=\"layoutArea\">\n<div class=\"column\">\n<p>A l&rsquo;initiative de la Maison de la Culture et des Loisirs de Charleville-M\u00e9zi\u00e8res, dans le cadre de son activit\u00e9 D\u00e9couverte, un groupe d&rsquo;adultes a \u00e9t\u00e9 accueilli \u00e0 STONNE <strong>le 17 mai 2018 de 10 \u00e0 18h<\/strong>.<\/p>\n<p>Apr\u00e8s un expos\u00e9 didactique sur les \u00e9v\u00e8nements de mai-juin 1940 \u00e9galement comment\u00e9s sur le Pain de Sucre, un p\u00e9riple a permis de se rendre dans un certain nombre de lieux cit\u00e9s, de d\u00e9couvrir et d&rsquo;imaginer des installations, le tout m\u00eal\u00e9 d&rsquo;anecdotes instructives. Une journ\u00e9e bien remplie avec un groupe tr\u00e8s attentif.<\/p>\n<p><img loading=\"lazy\" decoding=\"async\" class=\"aligncenter size-full wp-image-2260\" src=\"http:\/\/www.ardennes1940aceuxquiontresiste.org\/wp-content\/uploads\/Capture-d\u2019\u00e9cran-2018-05-29-\u00e0-13.56.04.png\" alt=\"\" width=\"743\" height=\"418\" srcset=\"http:\/\/www.ardennes1940aceuxquiontresiste.org\/wp-content\/uploads\/Capture-d\u2019\u00e9cran-2018-05-29-\u00e0-13.56.04.png 743w, http:\/\/www.ardennes1940aceuxquiontresiste.org\/wp-content\/uploads\/Capture-d\u2019\u00e9cran-2018-05-29-\u00e0-13.56.04-300x169.png 300w, http:\/\/www.ardennes1940aceuxquiontresiste.org\/wp-content\/uploads\/Capture-d\u2019\u00e9cran-2018-05-29-\u00e0-13.56.04-624x351.png 624w\" sizes=\"auto, (max-width: 743px) 100vw, 743px\" \/><\/p>\n<div id=\"attachment_2261\" style=\"width: 726px\" class=\"wp-caption aligncenter\"><img loading=\"lazy\" decoding=\"async\" aria-describedby=\"caption-attachment-2261\" class=\"size-full wp-image-2261\" src=\"http:\/\/www.ardennes1940aceuxquiontresiste.org\/wp-content\/uploads\/Capture-d\u2019\u00e9cran-2018-05-29-\u00e0-13.56.09.png\" alt=\"\" width=\"716\" height=\"424\" srcset=\"http:\/\/www.ardennes1940aceuxquiontresiste.org\/wp-content\/uploads\/Capture-d\u2019\u00e9cran-2018-05-29-\u00e0-13.56.09.png 716w, http:\/\/www.ardennes1940aceuxquiontresiste.org\/wp-content\/uploads\/Capture-d\u2019\u00e9cran-2018-05-29-\u00e0-13.56.09-300x178.png 300w, http:\/\/www.ardennes1940aceuxquiontresiste.org\/wp-content\/uploads\/Capture-d\u2019\u00e9cran-2018-05-29-\u00e0-13.56.09-624x370.png 624w\" sizes=\"auto, (max-width: 716px) 100vw, 716px\" \/><p id=\"caption-attachment-2261\" class=\"wp-caption-text\">Mont\u00e9e au Pain de Sucre de STONNE<\/p><\/div>\n<div id=\"attachment_2262\" style=\"width: 725px\" class=\"wp-caption aligncenter\"><img loading=\"lazy\" decoding=\"async\" aria-describedby=\"caption-attachment-2262\" class=\"size-full wp-image-2262\" src=\"http:\/\/www.ardennes1940aceuxquiontresiste.org\/wp-content\/uploads\/Capture-d\u2019\u00e9cran-2018-05-29-\u00e0-13.56.14.png\" alt=\"\" width=\"715\" height=\"417\" srcset=\"http:\/\/www.ardennes1940aceuxquiontresiste.org\/wp-content\/uploads\/Capture-d\u2019\u00e9cran-2018-05-29-\u00e0-13.56.14.png 715w, http:\/\/www.ardennes1940aceuxquiontresiste.org\/wp-content\/uploads\/Capture-d\u2019\u00e9cran-2018-05-29-\u00e0-13.56.14-300x175.png 300w, http:\/\/www.ardennes1940aceuxquiontresiste.org\/wp-content\/uploads\/Capture-d\u2019\u00e9cran-2018-05-29-\u00e0-13.56.14-624x364.png 624w\" sizes=\"auto, (max-width: 715px) 100vw, 715px\" \/><p id=\"caption-attachment-2262\" class=\"wp-caption-text\">A Oches, face au Mont du Cygne<\/p><\/div>\n<\/div>\n<\/div>\n<\/div>\n","protected":false},"excerpt":{"rendered":"<p>A l&rsquo;initiative de la Maison de la Culture et des Loisirs de Charleville-M\u00e9zi\u00e8res, dans le cadre de son activit\u00e9 D\u00e9couverte, un groupe d&rsquo;adultes a \u00e9t\u00e9 accueilli \u00e0 STONNE le 17 mai 2018 de 10 \u00e0 18h. Apr\u00e8s un expos\u00e9 didactique sur les \u00e9v\u00e8nements de mai-juin 1940 \u00e9galement comment\u00e9s sur le Pain de Sucre, un p\u00e9riple [&hellip;]<\/p>\n","protected":false},"author":1,"featured_media":0,"comment_status":"closed","ping_status":"closed","sticky":false,"template":"","format":"standard","meta":{"footnotes":""},"categories":[5],"tags":[],"class_list":["post-2259","post","type-post","status-publish","format-standard","hentry","category-actualite"],"_links":{"self":[{"href":"http:\/\/www.ardennes1940aceuxquiontresiste.org\/index.php?rest_route=\/wp\/v2\/posts\/2259","targetHints":{"allow":["GET"]}}],"collection":[{"href":"http:\/\/www.ardennes1940aceuxquiontresiste.org\/index.php?rest_route=\/wp\/v2\/posts"}],"about":[{"href":"http:\/\/www.ardennes1940aceuxquiontresiste.org\/index.php?rest_route=\/wp\/v2\/types\/post"}],"author":[{"embeddable":true,"href":"http:\/\/www.ardennes1940aceuxquiontresiste.org\/index.php?rest_route=\/wp\/v2\/users\/1"}],"replies":[{"embeddable":true,"href":"http:\/\/www.ardennes1940aceuxquiontresiste.org\/index.php?rest_route=%2Fwp%2Fv2%2Fcomments&post=2259"}],"version-history":[{"count":1,"href":"http:\/\/www.ardennes1940aceuxquiontresiste.org\/index.php?rest_route=\/wp\/v2\/posts\/2259\/revisions"}],"predecessor-version":[{"id":2263,"href":"http:\/\/www.ardennes1940aceuxquiontresiste.org\/index.php?rest_route=\/wp\/v2\/posts\/2259\/revisions\/2263"}],"wp:attachment":[{"href":"http:\/\/www.ardennes1940aceuxquiontresiste.org\/index.php?rest_route=%2Fwp%2Fv2%2Fmedia&parent=2259"}],"wp:term":[{"taxonomy":"category","embeddable":true,"href":"http:\/\/www.ardennes1940aceuxquiontresiste.org\/index.php?rest_route=%2Fwp%2Fv2%2Fcategories&post=2259"},{"taxonomy":"post_tag","embeddable":true,"href":"http:\/\/www.ardennes1940aceuxquiontresiste.org\/index.php?rest_route=%2Fwp%2Fv2%2Ftags&post=2259"}],"curies":[{"name":"wp","href":"https:\/\/api.w.org\/{rel}","templated":true}]}}