{"id":2241,"date":"2018-05-06T15:48:33","date_gmt":"2018-05-06T14:48:33","guid":{"rendered":"http:\/\/www.ardennes1940aceuxquiontresiste.org\/?p=2241"},"modified":"2018-05-06T15:51:00","modified_gmt":"2018-05-06T14:51:00","slug":"mai-2018-nouvelle-publication","status":"publish","type":"post","link":"http:\/\/www.ardennes1940aceuxquiontresiste.org\/?p=2241","title":{"rendered":"Mai 2018 &#8211; Nouvelle PUBLICATION !"},"content":{"rendered":"<p>Nouvelle publication par l&rsquo;Association Ardennes 1940 \u00e0 ceux qui ont r\u00e9sist\u00e9 !\u00a0<img loading=\"lazy\" decoding=\"async\" class=\"alignright size-medium wp-image-2236\" src=\"http:\/\/www.ardennes1940aceuxquiontresiste.org\/wp-content\/uploads\/Capture-d\u2019\u00e9cran-2018-05-06-\u00e0-16.31.36-211x300.png\" alt=\"\" width=\"211\" height=\"300\" srcset=\"http:\/\/www.ardennes1940aceuxquiontresiste.org\/wp-content\/uploads\/Capture-d\u2019\u00e9cran-2018-05-06-\u00e0-16.31.36-211x300.png 211w, http:\/\/www.ardennes1940aceuxquiontresiste.org\/wp-content\/uploads\/Capture-d\u2019\u00e9cran-2018-05-06-\u00e0-16.31.36.png 514w\" sizes=\"auto, (max-width: 211px) 100vw, 211px\" \/><\/p>\n<p><strong>UNE V\u00c9RIT\u00c9 QUI SEMBLE D\u00c9RANGER<\/strong> &#8211; <strong>Michel BAUDIER<\/strong><\/p>\n<p><a href=\"http:\/\/www.ardennes1940aceuxquiontresiste.org\/?page_id=43\">Cliquez ici<\/a> pour plus d&rsquo;infos.<\/p>\n","protected":false},"excerpt":{"rendered":"<p>Nouvelle publication par l&rsquo;Association Ardennes 1940 \u00e0 ceux qui ont r\u00e9sist\u00e9 !\u00a0 UNE V\u00c9RIT\u00c9 QUI SEMBLE D\u00c9RANGER &#8211; Michel BAUDIER Cliquez ici pour plus d&rsquo;infos.<\/p>\n","protected":false},"author":1,"featured_media":0,"comment_status":"closed","ping_status":"closed","sticky":false,"template":"","format":"standard","meta":{"footnotes":""},"categories":[5],"tags":[],"class_list":["post-2241","post","type-post","status-publish","format-standard","hentry","category-actualite"],"_links":{"self":[{"href":"http:\/\/www.ardennes1940aceuxquiontresiste.org\/index.php?rest_route=\/wp\/v2\/posts\/2241","targetHints":{"allow":["GET"]}}],"collection":[{"href":"http:\/\/www.ardennes1940aceuxquiontresiste.org\/index.php?rest_route=\/wp\/v2\/posts"}],"about":[{"href":"http:\/\/www.ardennes1940aceuxquiontresiste.org\/index.php?rest_route=\/wp\/v2\/types\/post"}],"author":[{"embeddable":true,"href":"http:\/\/www.ardennes1940aceuxquiontresiste.org\/index.php?rest_route=\/wp\/v2\/users\/1"}],"replies":[{"embeddable":true,"href":"http:\/\/www.ardennes1940aceuxquiontresiste.org\/index.php?rest_route=%2Fwp%2Fv2%2Fcomments&post=2241"}],"version-history":[{"count":8,"href":"http:\/\/www.ardennes1940aceuxquiontresiste.org\/index.php?rest_route=\/wp\/v2\/posts\/2241\/revisions"}],"predecessor-version":[{"id":2249,"href":"http:\/\/www.ardennes1940aceuxquiontresiste.org\/index.php?rest_route=\/wp\/v2\/posts\/2241\/revisions\/2249"}],"wp:attachment":[{"href":"http:\/\/www.ardennes1940aceuxquiontresiste.org\/index.php?rest_route=%2Fwp%2Fv2%2Fmedia&parent=2241"}],"wp:term":[{"taxonomy":"category","embeddable":true,"href":"http:\/\/www.ardennes1940aceuxquiontresiste.org\/index.php?rest_route=%2Fwp%2Fv2%2Fcategories&post=2241"},{"taxonomy":"post_tag","embeddable":true,"href":"http:\/\/www.ardennes1940aceuxquiontresiste.org\/index.php?rest_route=%2Fwp%2Fv2%2Ftags&post=2241"}],"curies":[{"name":"wp","href":"https:\/\/api.w.org\/{rel}","templated":true}]}}