{"id":2229,"date":"2018-05-04T06:00:49","date_gmt":"2018-05-04T05:00:49","guid":{"rendered":"http:\/\/www.ardennes1940aceuxquiontresiste.org\/?p=2229"},"modified":"2018-05-04T06:00:49","modified_gmt":"2018-05-04T05:00:49","slug":"mai-2018-journee-de-memoire-a-stonne","status":"publish","type":"post","link":"http:\/\/www.ardennes1940aceuxquiontresiste.org\/?p=2229","title":{"rendered":"Mai 2018 &#8211; Journ\u00e9e de m\u00e9moire \u00e0 STONNE"},"content":{"rendered":"<p><img loading=\"lazy\" decoding=\"async\" class=\"aligncenter size-full wp-image-2232\" src=\"http:\/\/www.ardennes1940aceuxquiontresiste.org\/wp-content\/uploads\/Capture-d\u2019\u00e9cran-2018-05-04-\u00e0-06.58.21.png\" alt=\"\" width=\"667\" height=\"812\" srcset=\"http:\/\/www.ardennes1940aceuxquiontresiste.org\/wp-content\/uploads\/Capture-d\u2019\u00e9cran-2018-05-04-\u00e0-06.58.21.png 667w, http:\/\/www.ardennes1940aceuxquiontresiste.org\/wp-content\/uploads\/Capture-d\u2019\u00e9cran-2018-05-04-\u00e0-06.58.21-246x300.png 246w, http:\/\/www.ardennes1940aceuxquiontresiste.org\/wp-content\/uploads\/Capture-d\u2019\u00e9cran-2018-05-04-\u00e0-06.58.21-624x760.png 624w\" sizes=\"auto, (max-width: 667px) 100vw, 667px\" \/><\/p>\n<p>&nbsp;<\/p>\n<p><img loading=\"lazy\" decoding=\"async\" class=\"aligncenter size-full wp-image-2234\" src=\"http:\/\/www.ardennes1940aceuxquiontresiste.org\/wp-content\/uploads\/Capture-d\u2019\u00e9cran-2018-05-04-\u00e0-07.00.13.png\" alt=\"\" width=\"1124\" height=\"483\" srcset=\"http:\/\/www.ardennes1940aceuxquiontresiste.org\/wp-content\/uploads\/Capture-d\u2019\u00e9cran-2018-05-04-\u00e0-07.00.13.png 1124w, http:\/\/www.ardennes1940aceuxquiontresiste.org\/wp-content\/uploads\/Capture-d\u2019\u00e9cran-2018-05-04-\u00e0-07.00.13-300x129.png 300w, http:\/\/www.ardennes1940aceuxquiontresiste.org\/wp-content\/uploads\/Capture-d\u2019\u00e9cran-2018-05-04-\u00e0-07.00.13-768x330.png 768w, http:\/\/www.ardennes1940aceuxquiontresiste.org\/wp-content\/uploads\/Capture-d\u2019\u00e9cran-2018-05-04-\u00e0-07.00.13-1024x440.png 1024w, http:\/\/www.ardennes1940aceuxquiontresiste.org\/wp-content\/uploads\/Capture-d\u2019\u00e9cran-2018-05-04-\u00e0-07.00.13-624x268.png 624w\" sizes=\"auto, (max-width: 1124px) 100vw, 1124px\" \/><\/p>\n","protected":false},"excerpt":{"rendered":"<p>&nbsp;<\/p>\n","protected":false},"author":1,"featured_media":0,"comment_status":"closed","ping_status":"closed","sticky":false,"template":"","format":"standard","meta":{"footnotes":""},"categories":[5],"tags":[],"class_list":["post-2229","post","type-post","status-publish","format-standard","hentry","category-actualite"],"_links":{"self":[{"href":"http:\/\/www.ardennes1940aceuxquiontresiste.org\/index.php?rest_route=\/wp\/v2\/posts\/2229","targetHints":{"allow":["GET"]}}],"collection":[{"href":"http:\/\/www.ardennes1940aceuxquiontresiste.org\/index.php?rest_route=\/wp\/v2\/posts"}],"about":[{"href":"http:\/\/www.ardennes1940aceuxquiontresiste.org\/index.php?rest_route=\/wp\/v2\/types\/post"}],"author":[{"embeddable":true,"href":"http:\/\/www.ardennes1940aceuxquiontresiste.org\/index.php?rest_route=\/wp\/v2\/users\/1"}],"replies":[{"embeddable":true,"href":"http:\/\/www.ardennes1940aceuxquiontresiste.org\/index.php?rest_route=%2Fwp%2Fv2%2Fcomments&post=2229"}],"version-history":[{"count":3,"href":"http:\/\/www.ardennes1940aceuxquiontresiste.org\/index.php?rest_route=\/wp\/v2\/posts\/2229\/revisions"}],"predecessor-version":[{"id":2235,"href":"http:\/\/www.ardennes1940aceuxquiontresiste.org\/index.php?rest_route=\/wp\/v2\/posts\/2229\/revisions\/2235"}],"wp:attachment":[{"href":"http:\/\/www.ardennes1940aceuxquiontresiste.org\/index.php?rest_route=%2Fwp%2Fv2%2Fmedia&parent=2229"}],"wp:term":[{"taxonomy":"category","embeddable":true,"href":"http:\/\/www.ardennes1940aceuxquiontresiste.org\/index.php?rest_route=%2Fwp%2Fv2%2Fcategories&post=2229"},{"taxonomy":"post_tag","embeddable":true,"href":"http:\/\/www.ardennes1940aceuxquiontresiste.org\/index.php?rest_route=%2Fwp%2Fv2%2Ftags&post=2229"}],"curies":[{"name":"wp","href":"https:\/\/api.w.org\/{rel}","templated":true}]}}