{"id":2131,"date":"2017-11-15T11:41:57","date_gmt":"2017-11-15T10:41:57","guid":{"rendered":"http:\/\/www.ardennes1940aceuxquiontresiste.org\/?p=2131"},"modified":"2018-05-12T09:14:57","modified_gmt":"2018-05-12T08:14:57","slug":"novembre-2017-des-steles-des-monuments-des-plaques-qui-parlent-qui-temoignent-que-les-combattants-de-1940-ont-resiste-jusqua-la-mort","status":"publish","type":"post","link":"http:\/\/www.ardennes1940aceuxquiontresiste.org\/?p=2131","title":{"rendered":"Novembre 2017 &#8211; DES STELES, DES MONUMENTS, DES PLAQUES QUI PARLENT,"},"content":{"rendered":"<h2><span style=\"color: #417aa6;\">qui t\u00e9moignent que les combattants de 1940 ont r\u00e9sist\u00e9 jusqu&rsquo;\u00e0 la mort&#8230;<\/span><\/h2>\n<p>&nbsp;<\/p>\n<p>Les amicales des unit\u00e9s qui ont combattu en ces lieux, \u00e0 cette \u00e9poque, ont install\u00e9 des st\u00e8les, plaques, monuments, \u00e0 la m\u00e9moire de leurs camarades tu\u00e9s au combat.<\/p>\n<p><img loading=\"lazy\" decoding=\"async\" class=\"aligncenter size-full wp-image-2132\" src=\"http:\/\/www.ardennes1940aceuxquiontresiste.org\/wp-content\/uploads\/Capture-d\u2019\u00e9cran-2017-11-15-\u00e0-10.21.07.png\" alt=\"\" width=\"857\" height=\"466\" srcset=\"http:\/\/www.ardennes1940aceuxquiontresiste.org\/wp-content\/uploads\/Capture-d\u2019\u00e9cran-2017-11-15-\u00e0-10.21.07.png 857w, http:\/\/www.ardennes1940aceuxquiontresiste.org\/wp-content\/uploads\/Capture-d\u2019\u00e9cran-2017-11-15-\u00e0-10.21.07-300x163.png 300w, http:\/\/www.ardennes1940aceuxquiontresiste.org\/wp-content\/uploads\/Capture-d\u2019\u00e9cran-2017-11-15-\u00e0-10.21.07-768x418.png 768w, http:\/\/www.ardennes1940aceuxquiontresiste.org\/wp-content\/uploads\/Capture-d\u2019\u00e9cran-2017-11-15-\u00e0-10.21.07-624x339.png 624w\" sizes=\"auto, (max-width: 857px) 100vw, 857px\" \/><\/p>\n<p>Voici une liste de ces \u00e9l\u00e9ments m\u00e9moriels (qui est peut-\u00eatre incompl\u00e8te)<\/p>\n<p style=\"text-align: center;\"><strong>LIEUX des st\u00e8les et monuments<\/strong><\/p>\n<p>&#8211; AIRE<span style=\"color: #ffffff;\">&#8230;&#8230;&#8230;&#8230;&#8230;&#8230;&#8230;&#8230;&#8230;&#8230;&#8230;&#8230;&#8230;&#8230;&#8230;&#8230;<\/span>46\u00b0 RI<span style=\"color: #ffffff;\">&#8230;&#8230;&#8230;&#8230;&#8230;&#8230;&#8230;&#8230;&#8230;&#8230;&#8230;&#8230;&#8230;&#8230;&#8230;&#8230;&#8230;&#8230;<\/span>contre le mur du cimeti\u00e8re<br \/>\n&#8211; AIRE<span style=\"color: #ffffff;\">&#8230;&#8230;&#8230;&#8230;&#8230;&#8230;&#8230;&#8230;&#8230;&#8230;&#8230;&#8230;&#8230;&#8230;&#8230;&#8230;<\/span>24\u00b0 RI<span style=\"color: #ffffff;\">&#8230;&#8230;&#8230;&#8230;&#8230;&#8230;&#8230;&#8230;&#8230;&#8230;&#8230;&#8230;&#8230;&#8230;&#8230;&#8230;&#8230;&#8230;<\/span>bord RD 926 avant Blanzy-st\u00e8le et plaque<br \/>\n&#8211; ALINCOURT<span style=\"color: #ffffff;\">&#8230;&#8230;&#8230;&#8230;&#8230;&#8230;&#8230;&#8230;&#8230;&#8230;&#8230;&#8230;<\/span>&#8230;..?<span style=\"color: #ffffff;\">&#8230;&#8230;&#8230;&#8230;&#8230;&#8230;&#8230;&#8230;&#8230;&#8230;&#8230;&#8230;&#8230;&#8230;&#8230;&#8230;&#8230;&#8230;&#8230;<\/span>plaque sur l&rsquo;\u00e9glise<br \/>\n&#8211; ASFELD<span style=\"color: #ffffff;\">&#8230;&#8230;&#8230;&#8230;&#8230;&#8230;&#8230;&#8230;&#8230;&#8230;&#8230;&#8230;&#8230;&#8230;.<\/span>5\u00b0 RI 9\u00b0 RI 46\u00b0 RI<span style=\"color: #ffffff;\">&#8230;&#8230;&#8230;&#8230;&#8230;&#8230;&#8230;&#8230;&#8230;&#8230;&#8230;&#8230;<\/span>plaques sur le monument aux morts\u00a0(2 int\u00e9gr\u00e9es &#8211; 1 plaque pos\u00e9e)<br \/>\n&#8211; ASFELD<span style=\"color: #ffffff;\">&#8230;&#8230;&#8230;&#8230;&#8230;&#8230;&#8230;&#8230;&#8230;&#8230;&#8230;&#8230;&#8230;&#8230;.<\/span>46\u00b0 R<span style=\"color: #ffffff;\">I&#8230;&#8230;&#8230;&#8230;&#8230;&#8230;&#8230;&#8230;&#8230;&#8230;&#8230;&#8230;&#8230;&#8230;&#8230;&#8230;&#8230;&#8230;<\/span>cimeti\u00e8re plaque sur socle<br \/>\n&#8211; ATTIGNY<span style=\"color: #ffffff;\">&#8230;&#8230;&#8230;&#8230;&#8230;&#8230;&#8230;&#8230;&#8230;&#8230;&#8230;&#8230;&#8230;.<\/span>18\u00b0 RI<span style=\"color: #ffffff;\">&#8230;&#8230;&#8230;&#8230;&#8230;&#8230;&#8230;&#8230;&#8230;&#8230;&#8230;&#8230;&#8230;&#8230;&#8230;&#8230;&#8230;&#8230;.<\/span>monument \u00e0 l&rsquo;entr\u00e9e du pont de l&rsquo;Aisne<br \/>\n&#8211; AVAN\u00c7ON<span style=\"color: #ffffff;\">&#8230;&#8230;&#8230;&#8230;&#8230;&#8230;&#8230;&#8230;&#8230;&#8230;&#8230;&#8230;..<\/span>73\u00b0 R- 7\u00b0 Cie<span style=\"color: #ffffff;\">&#8230;&#8230;&#8230;&#8230;&#8230;&#8230;&#8230;&#8230;&#8230;&#8230;&#8230;&#8230;&#8230;&#8230;.<\/span>plaque sur calvaire route Avan\u00e7pn-Bergnicourt<br \/>\n&#8211; AVAN\u00c7ON<span style=\"color: #ffffff;\">&#8230;&#8230;&#8230;&#8230;&#8230;&#8230;&#8230;&#8230;&#8230;&#8230;&#8230;&#8230;..<\/span>33\u00b0 RI- 9\u00b0 Cie<span style=\"color: #ffffff;\">&#8230;&#8230;&#8230;&#8230;&#8230;&#8230;&#8230;&#8230;&#8230;&#8230;&#8230;&#8230;&#8230;&#8230;<\/span>calvaire &#8211; entr\u00e9e village vers Bergnicourt<br \/>\n&#8211; AVAN\u00c7ON<span style=\"color: #ffffff;\">&#8230;&#8230;&#8230;&#8230;&#8230;&#8230;&#8230;&#8230;&#8230;&#8230;&#8230;&#8230;..<\/span>33\u00b0 RI- 9\u00b0 Cie<span style=\"color: #ffffff;\">&#8230;&#8230;&#8230;&#8230;&#8230;&#8230;&#8230;&#8230;&#8230;&#8230;&#8230;&#8230;&#8230;&#8230;<\/span>idem carte de France avec les noms grav\u00e9s<br \/>\n&#8211; AVAN\u00c7ON<span style=\"color: #ffffff;\">&#8230;&#8230;&#8230;&#8230;&#8230;&#8230;&#8230;&#8230;&#8230;&#8230;&#8230;&#8230;..<\/span>33\u00b0 RI &#8211; Lt Savoye<span style=\"color: #ffffff;\">&#8230;&#8230;&#8230;&#8230;&#8230;&#8230;&#8230;&#8230;&#8230;&#8230;&#8230;.<\/span>st\u00e8le monument des quatre soldats<br \/>\n&#8211; AVAN\u00c7ON<span style=\"color: #ffffff;\">&#8230;&#8230;&#8230;&#8230;&#8230;&#8230;&#8230;&#8230;&#8230;&#8230;&#8230;&#8230;..<\/span>73\u00b0 RI<span style=\"color: #ffffff;\">&#8230;&#8230;&#8230;&#8230;&#8230;&#8230;&#8230;&#8230;&#8230;&#8230;&#8230;&#8230;&#8230;&#8230;&#8230;&#8230;&#8230;&#8230;<\/span>croix de bois du soldat Debaere<br \/>\n&#8211; BEAUMONT en Argonne<span style=\"color: #ffffff;\">&#8230;&#8230;&#8230;&#8230;..<\/span>1\u00b0 DIC et 6\u00b0 DIC<span style=\"color: #ffffff;\">&#8230;&#8230;&#8230;&#8230;&#8230;&#8230;&#8230;&#8230;&#8230;&#8230;&#8230;..<\/span>plaque dans l&rsquo;\u00e9glise : aux 550 combattants de la 1\u00b0 DIC et de la 6\u00b0 DIC tomb\u00e9s \u00e0 Beaumont<\/p>\n<p>&#8211; BIERMES<span style=\"color: #ffffff;\">&#8230;&#8230;&#8230;&#8230;&#8230;&#8230;&#8230;&#8230;&#8230;&#8230;&#8230;&#8230;&#8230;..<\/span>25\u00b0 GRDI (14\u00b0 DI)<span style=\"color: #ffffff;\">&#8230;&#8230;&#8230;&#8230;&#8230;&#8230;&#8230;&#8230;&#8230;&#8230;&#8230;.<\/span>st\u00e8le Br Chef ESCUDIE Remy &#8211; pleins champs Est Biermes<br \/>\n&#8211; BLANZY<span style=\"color: #ffffff;\">&#8230;&#8230;&#8230;&#8230;&#8230;&#8230;&#8230;&#8230;&#8230;&#8230;&#8230;&#8230;&#8230;&#8230;.<\/span>46\u00b0 RI<span style=\"color: #ffffff;\">&#8230;&#8230;&#8230;&#8230;&#8230;&#8230;&#8230;&#8230;&#8230;&#8230;&#8230;&#8230;&#8230;&#8230;&#8230;&#8230;&#8230;..<\/span>plaque sur le mur du cimeti\u00e8re<br \/>\n&#8211; BOULT aux Bois<span style=\"color: #ffffff;\">&#8230;&#8230;&#8230;&#8230;&#8230;&#8230;&#8230;&#8230;&#8230;..<\/span>3\u00b0 RDP<span style=\"color: #ffffff;\">&#8230;&#8230;&#8230;&#8230;&#8230;&#8230;&#8230;&#8230;&#8230;&#8230;&#8230;&#8230;&#8230;&#8230;&#8230;&#8230;&#8230;<\/span>plaque \u00e0 l&rsquo;int\u00e9rieur du cimeti\u00e8re communal sortie Nord village<br \/>\n&#8211; BRIENNE sur Aisne<span style=\"color: #ffffff;\">&#8230;&#8230;&#8230;&#8230;&#8230;&#8230;&#8230;&#8230;<\/span>151\u00b0 RI &#8211; 5\u00b0 RI<span style=\"color: #ffffff;\">&#8230;&#8230;&#8230;&#8230;&#8230;&#8230;&#8230;&#8230;&#8230;&#8230;&#8230;&#8230;&#8230;<\/span>plaque sur calvaire<br \/>\n<span style=\"color: #ffffff;\">&#8230;&#8230;&#8230;&#8230;&#8230;&#8230;&#8230;&#8230;&#8230;&#8230;&#8230;&#8230;&#8230;&#8230;&#8230;&#8230;&#8230;&#8230;&#8230;..<\/span>de Thubert assassin\u00e9 151\u00b0 RI<span style=\"color: #ffffff;\">&#8230;&#8230;&#8230;&#8230;.<\/span>plaque sur mur<br \/>\n&#8211; BULSON<span style=\"color: #ffffff;\">&#8230;&#8230;&#8230;&#8230;&#8230;&#8230;&#8230;&#8230;&#8230;&#8230;&#8230;&#8230;&#8230;&#8230;<\/span>7\u00b0 BCL<span style=\"color: #ffffff;\">&#8230;&#8230;&#8230;&#8230;&#8230;&#8230;&#8230;&#8230;&#8230;&#8230;&#8230;&#8230;&#8230;&#8230;&#8230;&#8230;&#8230;.<\/span>plaque dur l&rsquo;\u00e9glise<br \/>\n&#8211; BULSON<span style=\"color: #ffffff;\">&#8230;&#8230;&#8230;&#8230;&#8230;&#8230;&#8230;&#8230;&#8230;&#8230;&#8230;&#8230;&#8230;&#8230;<\/span>7\u00b0 BCL<span style=\"color: #ffffff;\">&#8230;&#8230;&#8230;&#8230;&#8230;&#8230;&#8230;&#8230;&#8230;&#8230;&#8230;&#8230;&#8230;&#8230;&#8230;&#8230;&#8230;.<\/span>monument Bois le Rond Chen\u00eat<br \/>\n&#8211; BULSON<span style=\"color: #ffffff;\">&#8230;&#8230;&#8230;&#8230;&#8230;&#8230;&#8230;&#8230;&#8230;&#8230;&#8230;&#8230;&#8230;&#8230;<\/span>7\u00b0 BCL<span style=\"color: #ffffff;\">&#8230;&#8230;&#8230;&#8230;&#8230;&#8230;&#8230;&#8230;&#8230;&#8230;&#8230;&#8230;&#8230;&#8230;&#8230;&#8230;&#8230;.<\/span>plaque sur monument aux morts<br \/>\n&#8211; CARIGNAN<span style=\"color: #ffffff;\">&#8230;&#8230;&#8230;&#8230;&#8230;&#8230;&#8230;&#8230;&#8230;&#8230;&#8230;&#8230;..<\/span>136\u00b0 RIF<span style=\"color: #ffffff;\">&#8230;&#8230;&#8230;&#8230;&#8230;&#8230;&#8230;&#8230;&#8230;&#8230;&#8230;&#8230;&#8230;&#8230;&#8230;&#8230;.<\/span>dans la commune<br \/>\n&#8211; CHEMERY sur Bar<span style=\"color: #ffffff;\">&#8230;&#8230;&#8230;&#8230;&#8230;&#8230;&#8230;&#8230;..<\/span>aux 41morts de mai 40<span style=\"color: #ffffff;\">&#8230;&#8230;&#8230;&#8230;&#8230;&#8230;&#8230;..<\/span>calvaire route de Sedan &#8211; 500 m<br \/>\n&#8211; CHEMERY sur Bar<span style=\"color: #ffffff;\">&#8230;&#8230;&#8230;&#8230;&#8230;&#8230;&#8230;&#8230;..<\/span>morts en mai 40 sur la commune<span style=\"color: #ffffff;\">&#8230;&#8230;<\/span>plaques sur le monument aux morts<br \/>\n&#8211; CHEMERY sur Bar<span style=\"color: #ffffff;\">&#8230;&#8230;&#8230;&#8230;&#8230;&#8230;&#8230;&#8230;..<\/span>12\u00b0 Chasseurs \u00e0 Cheval<span style=\"color: #ffffff;\">&#8230;&#8230;&#8230;&#8230;&#8230;&#8230;&#8230;..<\/span>devant l&rsquo;\u00e9glise de Malmy<br \/>\n&#8211; COUCY<span style=\"color: #ffffff;\">&#8230;&#8230;&#8230;&#8230;&#8230;&#8230;&#8230;&#8230;&#8230;&#8230;&#8230;&#8230;&#8230;&#8230;..<\/span>12\u00b0 Chasseurs 2\u00b0 esc<span style=\"color: #ffffff;\">&#8230;&#8230;&#8230;&#8230;&#8230;&#8230;&#8230;&#8230;&#8230;.<\/span>plaque sur socle ferme de Seuil entre Coucy et Ambly<br \/>\n&#8211; DOM le MESNIL<span style=\"color: #ffffff;\">&#8230;&#8230;&#8230;&#8230;&#8230;&#8230;&#8230;&#8230;&#8230;..<\/span>148\u00b0 RIF<span style=\"color: #ffffff;\">&#8230;&#8230;&#8230;&#8230;&#8230;&#8230;&#8230;&#8230;&#8230;&#8230;&#8230;&#8230;&#8230;&#8230;&#8230;&#8230;..<\/span>plaque sur blockhaus<br \/>\n&#8211; GIVRY<span style=\"color: #ffffff;\">&#8230;&#8230;&#8230;&#8230;&#8230;&#8230;&#8230;&#8230;&#8230;&#8230;&#8230;&#8230;&#8230;&#8230;&#8230;.<\/span>35\u00b0 RI<span style=\"color: #ffffff;\">&#8230;&#8230;&#8230;&#8230;&#8230;&#8230;&#8230;&#8230;&#8230;&#8230;&#8230;&#8230;&#8230;&#8230;&#8230;&#8230;&#8230;&#8230;<\/span>deux plaques situ\u00e9es&#8230;<br \/>\n&#8211; HOULDICOURT<span style=\"color: #ffffff;\">&#8230;&#8230;&#8230;&#8230;&#8230;&#8230;&#8230;&#8230;&#8230;&#8230;.<\/span>5\u00b0 RI<span style=\"color: #ffffff;\">&#8230;&#8230;&#8230;&#8230;&#8230;&#8230;&#8230;&#8230;&#8230;&#8230;&#8230;&#8230;&#8230;&#8230;&#8230;&#8230;&#8230;&#8230;.<\/span>plaque cimeti\u00e8re<br \/>\n&#8211; INOR<span style=\"color: #ffffff;\">&#8230;&#8230;&#8230;&#8230;&#8230;&#8230;&#8230;&#8230;&#8230;&#8230;&#8230;&#8230;&#8230;&#8230;&#8230;&#8230;<\/span>74\u00b0 RI<span style=\"color: #ffffff;\">&#8230;&#8230;&#8230;&#8230;&#8230;&#8230;&#8230;&#8230;&#8230;&#8230;&#8230;&#8230;&#8230;&#8230;&#8230;&#8230;&#8230;&#8230;<\/span>st\u00e8le entr\u00e9e commune (venant de Mouzon)<br \/>\n&#8211; INOR<span style=\"color: #ffffff;\">&#8230;&#8230;&#8230;&#8230;&#8230;&#8230;&#8230;&#8230;&#8230;&#8230;&#8230;&#8230;&#8230;&#8230;&#8230;&#8230;<\/span>36\u00b0 RI<span style=\"color: #ffffff;\">&#8230;&#8230;&#8230;&#8230;&#8230;&#8230;&#8230;&#8230;&#8230;&#8230;&#8230;&#8230;&#8230;&#8230;&#8230;&#8230;&#8230;&#8230;<\/span>angle route Moulins St Hubert=&gt; ferme de Soiry<br \/>\n&#8211; INOR<span style=\"color: #ffffff;\">&#8230;&#8230;&#8230;&#8230;&#8230;&#8230;&#8230;&#8230;&#8230;&#8230;&#8230;&#8230;&#8230;&#8230;&#8230;&#8230;<\/span>103\u00b0 RI 3\u00b0 Bat<span style=\"color: #ffffff;\">&#8230;&#8230;&#8230;&#8230;&#8230;&#8230;&#8230;&#8230;&#8230;&#8230;&#8230;&#8230;&#8230;.<\/span>Bois d\u2019Inor route de Malandry<br \/>\n&#8211; INOR<span style=\"color: #ffffff;\">&#8230;&#8230;&#8230;&#8230;&#8230;&#8230;&#8230;&#8230;&#8230;&#8230;&#8230;&#8230;&#8230;&#8230;&#8230;&#8230;<\/span>11\u00b0 REI (6\u00b0 DINA)<span style=\"color: #ffffff;\">&#8230;&#8230;&#8230;&#8230;&#8230;&#8230;&#8230;&#8230;&#8230;&#8230;&#8230;..<\/span>idem (voisines)<br \/>\n&#8211; INOR<span style=\"color: #ffffff;\">&#8230;&#8230;&#8230;&#8230;&#8230;&#8230;&#8230;&#8230;&#8230;&#8230;&#8230;&#8230;&#8230;&#8230;&#8230;&#8230;<\/span>14\u00b0 RTA<span style=\"color: #ffffff;\">&#8230;&#8230;&#8230;&#8230;&#8230;&#8230;&#8230;&#8230;&#8230;&#8230;&#8230;&#8230;&#8230;&#8230;&#8230;&#8230;..<\/span>st\u00e8le dans le bois route Inor =&gt; Mouzon<br \/>\n&#8211; <strong>JANDUN<span style=\"color: #ffffff;\">&#8230;&#8230;&#8230;&#8230;&#8230;&#8230;&#8230;&#8230;&#8230;&#8230;&#8230;&#8230;&#8230;<\/span><\/strong>33\u00b0 BCC (15 mai)<span style=\"color: #ffffff;\">&#8230;&#8230;&#8230;&#8230;&#8230;&#8230;&#8230;&#8230;&#8230;&#8230;&#8230;..<\/span>st\u00e8le rue principale<br \/>\n&#8211; LA BESACE -La Bagnolle<span style=\"color: #ffffff;\">&#8230;&#8230;&#8230;&#8230;&#8230;.<\/span>5\u00b0 R Cuirassiers<span style=\"color: #ffffff;\">&#8230;&#8230;&#8230;&#8230;&#8230;&#8230;&#8230;&#8230;&#8230;&#8230;&#8230;&#8230;.<\/span>route de Sommauthe<br \/>\n&#8211; LA HORGNE<span style=\"color: #ffffff;\">&#8230;&#8230;&#8230;&#8230;&#8230;&#8230;&#8230;&#8230;&#8230;&#8230;&#8230;&#8230;.<\/span>3\u00b0 Brigade Spahis<span style=\"color: #ffffff;\">&#8230;&#8230;&#8230;&#8230;&#8230;&#8230;&#8230;&#8230;&#8230;&#8230;&#8230;<\/span>m\u00e9morial des Spahis &#8211; en dessous de l&rsquo;\u00e9glise<br \/>\n&#8211; LANEUVILLE sur Meuse<span style=\"color: #ffffff;\">&#8230;&#8230;&#8230;&#8230;&#8230;..<\/span>1\u00b0 DIC<span style=\"color: #ffffff;\">&#8230;&#8230;&#8230;&#8230;&#8230;&#8230;&#8230;&#8230;&#8230;&#8230;&#8230;&#8230;&#8230;&#8230;&#8230;&#8230;&#8230;&#8230;<\/span>carrefour de Pont Gaudron<br \/>\n&#8211; LES ALLEUX<span style=\"color: #ffffff;\">&#8230;&#8230;&#8230;&#8230;&#8230;&#8230;&#8230;&#8230;&#8230;&#8230;&#8230;&#8230;.<\/span>14\u00b0 et 11\u00b0 RI<span style=\"color: #ffffff;\">&#8230;&#8230;&#8230;&#8230;&#8230;&#8230;&#8230;&#8230;&#8230;&#8230;&#8230;&#8230;&#8230;&#8230;..<\/span>bordure du village sortie Le Chesne<br \/>\n&#8211; LES ALLEUX<span style=\"color: #ffffff;\">&#8230;&#8230;&#8230;&#8230;&#8230;&#8230;&#8230;&#8230;&#8230;&#8230;&#8230;&#8230;..<\/span>4\u00b0 BCC<span style=\"color: #ffffff;\">&#8230;&#8230;&#8230;&#8230;&#8230;&#8230;&#8230;&#8230;&#8230;&#8230;&#8230;&#8230;&#8230;&#8230;&#8230;&#8230;&#8230;.<\/span>idem<br \/>\n&#8211; LES ALLEUX<span style=\"color: #ffffff;\">&#8230;&#8230;&#8230;&#8230;&#8230;&#8230;&#8230;&#8230;&#8230;&#8230;&#8230;&#8230;..<\/span>57\u00a8RI<span style=\"color: #ffffff;\">&#8230;&#8230;&#8230;&#8230;&#8230;&#8230;&#8230;&#8230;&#8230;&#8230;&#8230;&#8230;&#8230;&#8230;&#8230;&#8230;&#8230;&#8230;<\/span>idem<br \/>\n&#8211; LES GRANDES ARMOISES<span style=\"color: #ffffff;\">&#8230;&#8230;&#8230;&#8230;&#8230;<\/span>51\u00b0 RI<span style=\"color: #ffffff;\">&#8230;&#8230;&#8230;&#8230;&#8230;&#8230;&#8230;&#8230;&#8230;&#8230;&#8230;&#8230;&#8230;&#8230;&#8230;&#8230;&#8230;..<\/span>monument au carrefour<br \/>\n&#8211; LES GRANDES ARMOISES<span style=\"color: #ffffff;\">&#8230;&#8230;&#8230;&#8230;&#8230;<\/span>67\u00b0 RI<span style=\"color: #ffffff;\">&#8230;&#8230;&#8230;&#8230;&#8230;&#8230;&#8230;&#8230;&#8230;&#8230;&#8230;&#8230;&#8230;&#8230;&#8230;&#8230;&#8230;..<\/span>plaque sur \u00e9glise<br \/>\n&#8211; MARTINCOURT<span style=\"color: #ffffff;\">&#8230;&#8230;&#8230;&#8230;&#8230;&#8230;&#8230;&#8230;&#8230;&#8230;.<\/span>38\u00b0 RAD<span style=\"color: #ffffff;\">&#8230;&#8230;&#8230;&#8230;&#8230;&#8230;&#8230;&#8230;&#8230;&#8230;&#8230;&#8230;&#8230;&#8230;&#8230;&#8230;..<\/span>dans le village en bordure de la route de Stenay<br \/>\n&#8211; <strong>MAZERNY<span style=\"color: #ffffff;\">&#8230;&#8230;&#8230;&#8230;&#8230;&#8230;&#8230;&#8230;&#8230;&#8230;&#8230;&#8230;<\/span><\/strong>208\u00b0 RI<span style=\"color: #ffffff;\">&#8230;&#8230;&#8230;&#8230;&#8230;&#8230;&#8230;&#8230;&#8230;&#8230;&#8230;&#8230;&#8230;&#8230;&#8230;&#8230;&#8230;.<\/span>monument en bordure de route du Chesne \u00e0 La Bascule<br \/>\n&#8211; <strong>MAZERNY<span style=\"color: #ffffff;\">&#8230;&#8230;&#8230;&#8230;&#8230;&#8230;&#8230;&#8230;&#8230;&#8230;&#8230;&#8230;<\/span><\/strong>202\u00b0 RI (15 mai 40)<span style=\"color: #ffffff;\">&#8230;&#8230;&#8230;&#8230;&#8230;&#8230;&#8230;&#8230;&#8230;&#8230;.<\/span>plaque sur fa\u00e7ade mairie<br \/>\n&#8211; For\u00eat du MONT DIEU<span style=\"color: #ffffff;\">&#8230;&#8230;&#8230;&#8230;&#8230;&#8230;..<\/span>91\u00b0 RI<span style=\"color: #ffffff;\">&#8230;&#8230;&#8230;&#8230;&#8230;&#8230;&#8230;&#8230;&#8230;&#8230;&#8230;&#8230;&#8230;&#8230;&#8230;&#8230;&#8230;&#8230;<\/span>monument sortie for\u00eat vers Ch\u00e9mery, 50 m \u00e0 l&rsquo;int\u00e9rieur<br \/>\n&#8211; Bordure for\u00eat du Mont Dieu<span style=\"color: #ffffff;\">&#8230;&#8230;..<\/span>1\u00b0 Rgt Hussards<span style=\"color: #ffffff;\">&#8230;&#8230;&#8230;&#8230;&#8230;&#8230;&#8230;&#8230;&#8230;&#8230;&#8230;&#8230;<\/span>en bordure de la route Tannay-Sedan<br \/>\n&#8211; <strong>MONTHERM\u00c9<span style=\"color: #ffffff;\">&#8230;&#8230;&#8230;&#8230;&#8230;&#8230;&#8230;&#8230;&#8230;&#8230;<\/span><\/strong>42\u00b0 1\/2 Br. Mitr. Inf Col<span style=\"color: #ffffff;\">&#8230;&#8230;&#8230;&#8230;&#8230;&#8230;&#8230;..<\/span>st\u00e8le pr\u00e8s du pont de la Meuse + nom donn\u00e9 au pont (13 mai 40)<br \/>\n&#8211; NOIRVAL<span style=\"color: #ffffff;\">&#8230;&#8230;&#8230;&#8230;&#8230;&#8230;&#8230;&#8230;&#8230;&#8230;&#8230;&#8230;&#8230;&#8230;<\/span>21\u00b0 RMVE<span style=\"color: #ffffff;\">&#8230;&#8230;&#8230;&#8230;&#8230;&#8230;&#8230;&#8230;&#8230;&#8230;&#8230;&#8230;&#8230;&#8230;&#8230;.<\/span>centre du village &#8211; en bordure de route<br \/>\n&#8211; OCHES<span style=\"color: #ffffff;\">&#8230;&#8230;&#8230;&#8230;&#8230;&#8230;&#8230;&#8230;&#8230;&#8230;&#8230;&#8230;&#8230;&#8230;&#8230;<\/span>36\u00b0 RI<span style=\"color: #ffffff;\">&#8230;&#8230;&#8230;&#8230;&#8230;&#8230;&#8230;&#8230;&#8230;&#8230;&#8230;&#8230;&#8230;&#8230;&#8230;&#8230;&#8230;..<\/span>devant l&rsquo;\u00e9glise \u00e0 gauche<br \/>\n&#8211; OCHES<span style=\"color: #ffffff;\">&#8230;&#8230;&#8230;&#8230;&#8230;&#8230;&#8230;&#8230;&#8230;&#8230;&#8230;&#8230;&#8230;&#8230;&#8230;<\/span>4\u00b0 RSM<span style=\"color: #ffffff;\">&#8230;&#8230;&#8230;&#8230;&#8230;&#8230;&#8230;&#8230;&#8230;&#8230;&#8230;&#8230;&#8230;&#8230;&#8230;&#8230;&#8230;<\/span>devant l&rsquo;\u00e9glise \u00e0 droite<br \/>\n&#8211; OLIZY sur Chiers<span style=\"color: #ffffff;\">&#8230;&#8230;&#8230;&#8230;&#8230;&#8230;&#8230;&#8230;&#8230;.<\/span>41\u00b0 BCC<span style=\"color: #ffffff;\">&#8230;&#8230;&#8230;&#8230;&#8230;&#8230;&#8230;&#8230;&#8230;&#8230;&#8230;&#8230;&#8230;&#8230;&#8230;&#8230;..<\/span>plaque au carrefour entr\u00e9e Olizy \/route de La Fert\u00e9<br \/>\n&#8211; OLIZY SUR Chiers<span style=\"color: #ffffff;\">&#8230;&#8230;&#8230;&#8230;&#8230;&#8230;&#8230;&#8230;&#8230;<\/span>3\u00b0 DINA-6\u00b0 DINA-6\u00b0 DI-3\u00b0 DIC- 136\u00b0RIF -103\u00b0 RI-III\u00b0 Bat &#8211; 41\u00b0 BCC- 246\u00b0 RI<span style=\"color: #ffffff;\">&#8230;&#8230;..<\/span>plaque sur le monument aux morts communal<br \/>\n&#8211; POILCOURT Sydney<span style=\"color: #ffffff;\">&#8230;&#8230;&#8230;&#8230;&#8230;&#8230;&#8230;..<\/span>21\u00b0 et 159\u00b0 RIA- 5\u00b0 RI<span style=\"color: #ffffff;\">&#8230;&#8230;&#8230;&#8230;&#8230;&#8230;&#8230;&#8230;&#8230;.<\/span>monument + st\u00e8le (5\u00b0 RI)<br \/>\n&#8211; RILLY<span style=\"color: #ffffff;\">&#8230;&#8230;&#8230;&#8230;&#8230;&#8230;&#8230;&#8230;&#8230;&#8230;&#8230;&#8230;&#8230;&#8230;&#8230;&#8230;<\/span>7\u00b0 BCL st\u00e8le au Lt L\u00e9vitte \/<span style=\"color: #ffffff;\">&#8230;&#8230;&#8230;&#8230;&#8230;&#8230;.<\/span>route Rilly-Roche<br \/>\n&#8211; SAINT LOUP CHAMPAGNE<span style=\"color: #ffffff;\">&#8230;&#8230;&#8230;..<\/span>24\u00b0 RI<span style=\"color: #ffffff;\">&#8230;&#8230;&#8230;&#8230;&#8230;&#8230;&#8230;&#8230;&#8230;&#8230;&#8230;&#8230;&#8230;&#8230;&#8230;&#8230;&#8230;&#8230;.<\/span>entre Asfeld et Roizy ?<br \/>\n&#8211; SAINT LOUP CHAMPAGNE<span style=\"color: #ffffff;\">&#8230;&#8230;&#8230;..<\/span>19\u00b0 GRCA-24\u00b0 RI<span style=\"color: #ffffff;\">&#8230;&#8230;&#8230;&#8230;&#8230;&#8230;&#8230;&#8230;&#8230;&#8230;&#8230;&#8230;.<\/span>Monument aux morts : plaques Cdt de Vanssay (19\u00b0 GRCA + plaque Caporal LESTRINGANT (24\u00b0 RI)<br \/>\n&#8211; <strong>SAINT MENGES<span style=\"color: #ffffff;\">&#8230;&#8230;&#8230;&#8230;&#8230;&#8230;&#8230;&#8230;&#8230;<\/span><\/strong>maison forte<span style=\"color: #ffffff;\">&#8230;&#8230;&#8230;&#8230;&#8230;&#8230;&#8230;&#8230;&#8230;&#8230;&#8230;&#8230;&#8230;&#8230;<\/span>plaque r\u00e9sistance mai 40 ( carrefour D6-D29)<br \/>\n&#8211; <strong>SAINT MENGES<span style=\"color: #ffffff;\">&#8230;&#8230;&#8230;&#8230;&#8230;&#8230;&#8230;&#8230;&#8230;<\/span><\/strong>aviateurs anglais<span style=\"color: #ffffff;\">&#8230;&#8230;&#8230;&#8230;&#8230;&#8230;&#8230;&#8230;&#8230;&#8230;&#8230;&#8230;<\/span>st\u00e8le sur D6 vers Belgique \u00e0 g avant carrefour avec D 29 (Fleigneux)<br \/>\n&#8211; SAINT PIERREMONT<span style=\"color: #ffffff;\">&#8230;&#8230;&#8230;&#8230;&#8230;&#8230;&#8230;<\/span>74\u00b0 RI<span style=\"color: #ffffff;\">&#8230;&#8230;&#8230;&#8230;&#8230;&#8230;&#8230;&#8230;&#8230;&#8230;&#8230;&#8230;&#8230;&#8230;&#8230;&#8230;&#8230;&#8230;..<\/span>ferme de La Polka<br \/>\n&#8211; SAULT St REMY<span style=\"color: #ffffff;\">&#8230;&#8230;&#8230;&#8230;&#8230;&#8230;&#8230;&#8230;&#8230;..<\/span>317\u00b0 RA- 3\u00b0 groupe + st\u00e8le Cdt DELAIRE<span style=\"color: #ffffff;\">&#8230;&#8230;.<\/span>bordure route Sault St R =&gt;Asfeld (1 km de Sault)- initialement en plein champs<br \/>\n&#8211; <strong>SEDAN-Fr\u00e9nois<span style=\"color: #ffffff;\">&#8230;&#8230;&#8230;&#8230;&#8230;&#8230;&#8230;&#8230;..<\/span><\/strong>Sgt Carrier aviateur<span style=\"color: #ffffff;\">&#8230;&#8230;&#8230;&#8230;&#8230;&#8230;&#8230;&#8230;&#8230;&#8230;&#8230;<\/span>sur la c\u00f4te entre Cheveuges et Fr\u00e9nois<br \/>\n&#8211; SOMMAUTHE<span style=\"color: #ffffff;\">&#8230;&#8230;&#8230;&#8230;&#8230;&#8230;&#8230;&#8230;&#8230;&#8230;.<\/span>6\u00b0 DIC<span style=\"color: #ffffff;\">&#8230;&#8230;&#8230;&#8230;&#8230;&#8230;&#8230;&#8230;&#8230;&#8230;&#8230;&#8230;&#8230;&#8230;&#8230;&#8230;&#8230;&#8230;&#8230;<\/span>sortie Nord<br \/>\n&#8211; STONNE<span style=\"color: #ffffff;\">&#8230;&#8230;&#8230;&#8230;&#8230;&#8230;&#8230;&#8230;&#8230;&#8230;&#8230;&#8230;&#8230;<\/span>char Chinon<span style=\"color: #ffffff;\">&#8230;&#8230;&#8230;&#8230;&#8230;&#8230;&#8230;&#8230;&#8230;&#8230;&#8230;&#8230;&#8230;&#8230;&#8230;&#8230;<\/span>sortie Sud Stonne<br \/>\n&#8211; STONN<span style=\"color: #ffffff;\"><span style=\"color: #000000;\">E<\/span>&#8230;&#8230;&#8230;&#8230;&#8230;&#8230;&#8230;&#8230;&#8230;&#8230;&#8230;&#8230;&#8230;.<\/span>3\u00b0 DIM &#8211; 3 \u00b0 DCR<span style=\"color: #ffffff;\">&#8230;&#8230;&#8230;&#8230;&#8230;&#8230;&#8230;&#8230;&#8230;&#8230;&#8230;&#8230;&#8230;<\/span>plaque sur l\u2019\u00e9glise<\/p>\n<p>&#8211; STONNE<span style=\"color: #ffffff;\">&#8230;&#8230;&#8230;&#8230;&#8230;&#8230;&#8230;&#8230;&#8230;&#8230;&#8230;&#8230;&#8230;.<\/span>M\u00e9morial des unit\u00e9s combattantes (monument &#8211; char B1 bis &#8211; table d\u2019orientation -mur avec historique et carte)<br \/>\n&#8211; STONNE<span style=\"color: #ffffff;\">&#8230;&#8230;&#8230;&#8230;&#8230;&#8230;&#8230;&#8230;&#8230;&#8230;&#8230;&#8230;&#8230;.<\/span>67\u00b0 RI<span style=\"color: #ffffff;\">&#8230;&#8230;&#8230;&#8230;&#8230;&#8230;&#8230;&#8230;&#8230;&#8230;&#8230;&#8230;&#8230;&#8230;&#8230;&#8230;&#8230;&#8230;&#8230;&#8230;&#8230;<\/span>st\u00e8le place de l&rsquo;\u00e9glise<br \/>\n&#8211; STONNE<span style=\"color: #ffffff;\">&#8230;&#8230;&#8230;&#8230;&#8230;&#8230;&#8230;&#8230;&#8230;&#8230;&#8230;&#8230;&#8230;.<\/span>67\u00b0 RI<span style=\"color: #ffffff;\">&#8230;&#8230;&#8230;&#8230;&#8230;&#8230;&#8230;&#8230;&#8230;&#8230;&#8230;&#8230;&#8230;&#8230;&#8230;&#8230;&#8230;&#8230;&#8230;&#8230;&#8230;<\/span>plaque sur la mairie<br \/>\n&#8211; STONNE<span style=\"color: #ffffff;\">&#8230;&#8230;&#8230;&#8230;&#8230;&#8230;&#8230;&#8230;&#8230;&#8230;&#8230;&#8230;&#8230;.<\/span>6\u00b0 GRDI<span style=\"color: #ffffff;\">&#8230;&#8230;&#8230;&#8230;&#8230;&#8230;&#8230;&#8230;&#8230;&#8230;&#8230;&#8230;&#8230;&#8230;&#8230;&#8230;&#8230;&#8230;&#8230;&#8230;<\/span>plaque sur l\u2019\u00e9glise<br \/>\n&#8211; STONNE<span style=\"color: #ffffff;\">&#8230;&#8230;&#8230;&#8230;&#8230;&#8230;&#8230;&#8230;&#8230;&#8230;&#8230;&#8230;&#8230;.<\/span>51\u00b0 RI<span style=\"color: #ffffff;\">&#8230;&#8230;&#8230;&#8230;&#8230;&#8230;&#8230;&#8230;&#8230;&#8230;&#8230;&#8230;&#8230;&#8230;&#8230;&#8230;&#8230;&#8230;&#8230;&#8230;&#8230;.<\/span>plaque place de l&rsquo;\u00e9glise<br \/>\n&#8211; STONNE<span style=\"color: #ffffff;\">&#8230;&#8230;&#8230;&#8230;&#8230;&#8230;&#8230;&#8230;&#8230;&#8230;&#8230;&#8230;&#8230;.<\/span>67\u00b0 RI &#8211; 7\u00b0 Cie<span style=\"color: #ffffff;\">&#8230;&#8230;&#8230;&#8230;&#8230;&#8230;&#8230;&#8230;&#8230;&#8230;&#8230;&#8230;&#8230;&#8230;&#8230;&#8230;.<\/span>st\u00e8le devant la ferme des Cendri\u00e8res<br \/>\n&#8211; STONNE<span style=\"color: #ffffff;\">&#8230;&#8230;&#8230;&#8230;&#8230;&#8230;&#8230;&#8230;&#8230;&#8230;&#8230;&#8230;&#8230;.<\/span>6\u00b0 DIC<span style=\"color: #ffffff;\">&#8230;&#8230;&#8230;&#8230;&#8230;&#8230;&#8230;&#8230;&#8230;&#8230;&#8230;&#8230;&#8230;&#8230;&#8230;&#8230;&#8230;&#8230;&#8230;&#8230;..<\/span>petite st\u00e8le entr\u00e9e Les Cendri\u00e8res<br \/>\n&#8211; STONNE<span style=\"color: #ffffff;\">&#8230;&#8230;&#8230;&#8230;&#8230;&#8230;&#8230;&#8230;&#8230;&#8230;&#8230;&#8230;&#8230;.<\/span>monument de la R\u00e9conciliation (16\u00b0 ID)<span style=\"color: #ffffff;\">&#8230;.<\/span>bordure de la route STONNE-LES GRANDES ARMOISES<br \/>\n&#8211; SY<span style=\"color: #ffffff;\">&#8230;&#8230;&#8230;&#8230;&#8230;&#8230;&#8230;&#8230;&#8230;&#8230;&#8230;&#8230;&#8230;&#8230;&#8230;&#8230;..<\/span> 42\u00b0-242\u00b0 RA + 6\u00b0 RSA<span style=\"color: #ffffff;\">&#8230;&#8230;&#8230;&#8230;&#8230;&#8230;&#8230;&#8230;&#8230;&#8230;&#8230;..<\/span>monument devant l&rsquo;\u00e9glise<br \/>\n&#8211; SY<span style=\"color: #ffffff;\">&#8230;&#8230;&#8230;&#8230;&#8230;&#8230;&#8230;&#8230;&#8230;&#8230;&#8230;&#8230;&#8230;&#8230;&#8230;&#8230;&#8230;<\/span>st\u00e8le Daudr\u00e9-Poisson-Postel<span style=\"color: #ffffff;\">&#8230;&#8230;&#8230;&#8230;&#8230;&#8230;&#8230;.<\/span>route SY-Verri\u00e8res<br \/>\n&#8211; SY &#8211; Carrefour Noci\u00e8ve<span style=\"color: #ffffff;\">&#8230;&#8230;&#8230;&#8230;&#8230;.<\/span>45\u00b0 BCCGie<span style=\"color: #ffffff;\">&#8230;&#8230;&#8230;&#8230;&#8230;&#8230;&#8230;&#8230;&#8230;&#8230;&#8230;&#8230;&#8230;&#8230;&#8230;&#8230;&#8230;<\/span>monument angle route Gdes Armoises- route de Sy<br \/>\n&#8211; TAIZY<span style=\"color: #ffffff;\">&#8230;&#8230;&#8230;&#8230;&#8230;&#8230;&#8230;&#8230;&#8230;&#8230;&#8230;&#8230;&#8230;&#8230;&#8230;.<\/span>317\u00b0 RI<span style=\"color: #ffffff;\">&#8230;&#8230;&#8230;&#8230;&#8230;&#8230;&#8230;&#8230;&#8230;&#8230;&#8230;&#8230;&#8230;&#8230;&#8230;&#8230;&#8230;&#8230;&#8230;..<\/span>st\u00e8le situ\u00e9e&#8230;<br \/>\n&#8211; TANNAY<span style=\"color: #ffffff;\">&#8230;&#8230;&#8230;&#8230;&#8230;&#8230;&#8230;&#8230;&#8230;&#8230;&#8230;&#8230;&#8230;..<\/span>93\u00b0 GRDI + 36\u00b0 RI+14\u00b0 GRCA+6\u00b0 GRDI+60\u00b0 GRDI +76\u00b0 GRDI+16\u00b0 BCP + 1\u00b0 Hussards + 8\u00b0 Chasseurs +7\u00b0BCL +42\u00b0 BCC +45\u00b0 BCCGie + 41\u00b0 BCC + 49\u00b0 BCC<span style=\"color: #ffffff;\">&#8230;&#8230;&#8230;&#8230;&#8230;&#8230;.<\/span>monument pr\u00e8s de l&rsquo;\u00e9glise<br \/>\n&#8211; TANNAY croix Desban<span style=\"color: #ffffff;\">&#8230;&#8230;&#8230;&#8230;&#8230;..<\/span>16\u00b0 BCP<span style=\"color: #ffffff;\">&#8230;&#8230;&#8230;&#8230;&#8230;&#8230;&#8230;&#8230;&#8230;&#8230;&#8230;&#8230;&#8230;&#8230;&#8230;&#8230;&#8230;&#8230;&#8230;<\/span>monument au carrefour route Le Chesne- route Gdes Armoises<br \/>\n&#8211; VIEUX LES ASFELD<span style=\"color: #ffffff;\">&#8230;&#8230;&#8230;&#8230;&#8230;&#8230;&#8230;&#8230;<\/span>5\u00b0 RI<span style=\"color: #ffffff;\">&#8230;&#8230;&#8230;&#8230;&#8230;&#8230;&#8230;&#8230;&#8230;&#8230;&#8230;&#8230;&#8230;&#8230;&#8230;&#8230;&#8230;&#8230;&#8230;&#8230;&#8230;.<\/span>plaque cimeti\u00e8re<br \/>\n&#8211; VILLY-LA FERT\u00c9<span style=\"color: #ffffff;\">&#8230;&#8230;&#8230;&#8230;&#8230;&#8230;&#8230;&#8230;&#8230;..<\/span>106 morts de l&rsquo;ouvrage<span style=\"color: #ffffff;\">&#8230;&#8230;&#8230;&#8230;&#8230;&#8230;&#8230;&#8230;&#8230;&#8230;..<\/span>bord route La Fert\u00e9-Villy &#8211; entr\u00e9e de l&rsquo;ouvrage &#8211; cimeti\u00e8re en face<br \/>\n&#8211; VONCQ<span style=\"color: #ffffff;\">&#8230;&#8230;&#8230;&#8230;&#8230;&#8230;&#8230;&#8230;&#8230;&#8230;&#8230;&#8230;&#8230;&#8230;.<\/span>57\u00b0 RI<span style=\"color: #ffffff;\">&#8230;&#8230;&#8230;&#8230;&#8230;&#8230;&#8230;&#8230;&#8230;&#8230;&#8230;&#8230;&#8230;&#8230;&#8230;&#8230;&#8230;&#8230;&#8230;&#8230;.<\/span>monument dans le village, en haut du promontoire vers Terron<br \/>\n&#8211; VONCQ<span style=\"color: #ffffff;\">&#8230;&#8230;&#8230;&#8230;&#8230;&#8230;&#8230;&#8230;&#8230;&#8230;&#8230;&#8230;&#8230;&#8230;..<\/span>5\u00b0 RICMS<span style=\"color: #ffffff;\">&#8230;&#8230;&#8230;&#8230;&#8230;&#8230;&#8230;&#8230;&#8230;&#8230;&#8230;&#8230;&#8230;&#8230;&#8230;&#8230;&#8230;&#8230;.<\/span>plaque sur socle devant le monument aux morts<br \/>\n(<strong>en gras<\/strong> : JANDUN, les lieux situ\u00e9s en dehors de la ligne de r\u00e9sistance)<\/p>\n<p>En ces lieux divers, \u00e9chelonn\u00e9s sur la ligne de r\u00e9sistance, la m\u00e9moire des unit\u00e9s qui ont combattu est fix\u00e9e au sol pour rappeler aux passants qu&rsquo;en mai et juin 1940, l&rsquo;arm\u00e9e fran\u00e7aise a fait son devoir, a tenu t\u00eate \u00e0 l&rsquo;envahisseur aux prix de combats meurtriers.<\/p>\n<h1><em>Puisse ce rappel inciter nos compatriotes \u00e0 honorer les combattants de 40 dont le sang a gorg\u00e9 notre terre ardennaise !<\/em><\/h1>\n<p><img loading=\"lazy\" decoding=\"async\" class=\"aligncenter wp-image-2155\" src=\"http:\/\/www.ardennes1940aceuxquiontresiste.org\/wp-content\/uploads\/GIF-1.gif\" alt=\"\" width=\"450\" height=\"675\" \/><\/p>\n<p>&nbsp;<\/p>\n<p>&nbsp;<\/p>\n","protected":false},"excerpt":{"rendered":"<p>qui t\u00e9moignent que les combattants de 1940 ont r\u00e9sist\u00e9 jusqu&rsquo;\u00e0 la mort&#8230; &nbsp; Les amicales des unit\u00e9s qui ont combattu en ces lieux, \u00e0 cette \u00e9poque, ont install\u00e9 des st\u00e8les, plaques, monuments, \u00e0 la m\u00e9moire de leurs camarades tu\u00e9s au combat. Voici une liste de ces \u00e9l\u00e9ments m\u00e9moriels (qui est peut-\u00eatre incompl\u00e8te) LIEUX des st\u00e8les [&hellip;]<\/p>\n","protected":false},"author":1,"featured_media":0,"comment_status":"closed","ping_status":"closed","sticky":false,"template":"","format":"standard","meta":{"footnotes":""},"categories":[5],"tags":[],"class_list":["post-2131","post","type-post","status-publish","format-standard","hentry","category-actualite"],"_links":{"self":[{"href":"http:\/\/www.ardennes1940aceuxquiontresiste.org\/index.php?rest_route=\/wp\/v2\/posts\/2131","targetHints":{"allow":["GET"]}}],"collection":[{"href":"http:\/\/www.ardennes1940aceuxquiontresiste.org\/index.php?rest_route=\/wp\/v2\/posts"}],"about":[{"href":"http:\/\/www.ardennes1940aceuxquiontresiste.org\/index.php?rest_route=\/wp\/v2\/types\/post"}],"author":[{"embeddable":true,"href":"http:\/\/www.ardennes1940aceuxquiontresiste.org\/index.php?rest_route=\/wp\/v2\/users\/1"}],"replies":[{"embeddable":true,"href":"http:\/\/www.ardennes1940aceuxquiontresiste.org\/index.php?rest_route=%2Fwp%2Fv2%2Fcomments&post=2131"}],"version-history":[{"count":24,"href":"http:\/\/www.ardennes1940aceuxquiontresiste.org\/index.php?rest_route=\/wp\/v2\/posts\/2131\/revisions"}],"predecessor-version":[{"id":2252,"href":"http:\/\/www.ardennes1940aceuxquiontresiste.org\/index.php?rest_route=\/wp\/v2\/posts\/2131\/revisions\/2252"}],"wp:attachment":[{"href":"http:\/\/www.ardennes1940aceuxquiontresiste.org\/index.php?rest_route=%2Fwp%2Fv2%2Fmedia&parent=2131"}],"wp:term":[{"taxonomy":"category","embeddable":true,"href":"http:\/\/www.ardennes1940aceuxquiontresiste.org\/index.php?rest_route=%2Fwp%2Fv2%2Fcategories&post=2131"},{"taxonomy":"post_tag","embeddable":true,"href":"http:\/\/www.ardennes1940aceuxquiontresiste.org\/index.php?rest_route=%2Fwp%2Fv2%2Ftags&post=2131"}],"curies":[{"name":"wp","href":"https:\/\/api.w.org\/{rel}","templated":true}]}}