{"id":2047,"date":"2017-05-28T10:46:16","date_gmt":"2017-05-28T09:46:16","guid":{"rendered":"http:\/\/www.ardennes1940aceuxquiontresiste.org\/?p=2047"},"modified":"2017-06-13T12:23:09","modified_gmt":"2017-06-13T11:23:09","slug":"21-mai-2017-journee-de-memoire","status":"publish","type":"post","link":"http:\/\/www.ardennes1940aceuxquiontresiste.org\/?p=2047","title":{"rendered":"Stonne, le 21 mai 2017 &#8211; Journ\u00e9e de m\u00e9moire"},"content":{"rendered":"<blockquote><p>Votre pr\u00e9sence et votre participation ce jour, ici, \u00e0 Stonne, haut-lieu des combats de mai 1940 est un grand r\u00e9confort et je suis s\u00fbr que les 4 100 morts au combat sur cet espace Mont-Dieu-Stonne-Tannay-Oches-Sommauthe sont fiers de constater que les Ardennais et leurs fr\u00e8res d&rsquo;armes n&rsquo;ont pas la m\u00e9moire courte, qu&rsquo;ils n&rsquo;oublient pas que ces combattants ont fait le sacrifice de leur vie, en mai et juin 1940, pour d\u00e9fendre notre sol, nos villages, notre France.<br \/>\nLa pr\u00e9sence de militaires de Mourmelon, de militaires de la Gendarmerie ardennaise et parisienne est pour moi \u00e0 la fois une fiert\u00e9 et un r\u00e9confort. Je pense souvent \u00e0 ces 4 100 jeunes hommes, pleins d&rsquo;ardeur et de force, fauch\u00e9s par la mort en 4 semaines. Je pense souvent \u00e0 ces milliers de familles broy\u00e9es par la douleur apr\u00e8s avoir \u00e9t\u00e9 longtemps p\u00e9nalis\u00e9es par l&rsquo;existence de la zone interdite invent\u00e9e par Hitler. J&rsquo;en ai rencontr\u00e9 beaucoup dans les ann\u00e9es 50 et 60. Les Ardennes, pour elles, \u00e9taient un lieu maudit, une terre de la mort.<br \/>\nDans toutes les familles, dans tous les pays, les morts pour la patrie sont respect\u00e9s, honor\u00e9s. L&rsquo;oubli est impensable, inhumain, indigne d&rsquo;un pays civilis\u00e9. C&rsquo;est pourtant ce qui arrive en France depuis presque 77 ans pour ceux de Stonne et leurs fr\u00e8res de combat entre Chiers et Aisne, engag\u00e9s sur un front de 98 km, pendant 4 longues semaines. Le message officiel de cette ann\u00e9e en est un nouvel exemple! Certes, il rend hommage aux combattants de 1940, ce qui semble un progr\u00e8s, mais il pr\u00e9cise ensuite lesquels : ceux de Norv\u00e8ge, les troupes s\u00e9n\u00e9galaises massacr\u00e9es pr\u00e8s de Lyon et ceux d&rsquo;une localit\u00e9 de l&rsquo;Aisne. Je partage l&rsquo;hommage aux combattants de Narvik, aux troupes coloniales, mais pourquoi limiter les combattants de 1940 \u00e0 ceux d&rsquo;un engagement de 3 jours pr\u00e8s de Montcornet ? Pourquoi cette s\u00e9gr\u00e9gation injustifi\u00e9e car ceux de Stonne, comme tous ceux d&rsquo;entre Chiers et Aisne, comme tous ceux qui se sont battus courageusement portaient le m\u00eame uniforme, d\u00e9fendaient la m\u00eame patrie : la nation leur doit le m\u00eame respect, le m\u00eame hommage, la m\u00eame reconnaissance, sans distinction ni de race ni de religion.<br \/>\nSi j&rsquo;insiste sur cette situation in\u00e9galitaire, insupportable pour moi, c&rsquo;est pour mettre en lumi\u00e8re la responsabilit\u00e9 qui nous \u00e9choit : nous sommes les rares porteurs de la m\u00e9moire de ces r\u00e9sistants de Stonne et des Ardennes ; nous devons donc informer, expliquer, combattre ce silence officiel volontaire. Nous sommes peut-\u00eatre seuls, mais c&rsquo;est notre devoir de citoyens et de citoyennes, c&rsquo;est notre honneur qui est en jeu ! En unissant nos efforts, nous sommes une force de m\u00e9moire ! Nous devons l&rsquo;\u00eatre, tous ensemble, pour tous ces oubli\u00e9s, oui, une force de M\u00e9moire qui doit triompher des porteurs d&rsquo;oubli. M\u00e9moire et Histoire doivent \u00eatre \u00e0 l&rsquo;unisson !<br \/>\nLa fid\u00e8le pr\u00e9sence du Cential de Mourmelon, porteur des traditions du 51\u00b0 RI, est un r\u00e9confort ! La pr\u00e9sence cette ann\u00e9e de la Gendarmerie, porteuse des traditions du bataillon de chars de la gendarmerie, le 45\u00b0, le seul de France, est un r\u00e9confort ! (J&rsquo;esp\u00e8re que cette pr\u00e9sence se poursuivra !) La pr\u00e9sence et la participation traditionnelle de jeunes issus des 3 p\u00f4les scolaires environnants sont un autre \u00e9l\u00e9ment de r\u00e9confort ! Merci aux enseignants qui les informent et les entra\u00eenent. La pr\u00e9sence de nombreux \u00e9lus, la participation de la population attestent une communion de pens\u00e9e pour honorer tous ces morts tomb\u00e9s sur notre terre o\u00f9 les traces de ces combats se sont cicatris\u00e9es avec le temps.<br \/>\nJe vous remercie toutes et tous tr\u00e8s sinc\u00e8rement de votre pr\u00e9sence, de votre soutien, de votre participation \u00e0 cette Journ\u00e9e de M\u00e9moire traditionnelle. Merci de refuser la culture de l&rsquo;oubli.<br \/>\nAu del\u00e0 de cette action de m\u00e9moire, il doit y avoir une approche des horreurs de la guerre, de l&rsquo;aspiration des peuples \u00e0 la Paix, des vertus fondamentales que sont la Fraternit\u00e9 et la Tol\u00e9rance, du combat contre la violence qui a envahi nos \u00e9crans, petits ou grands. Je souhaite que cette journ\u00e9e de M\u00e9moire soit une journ\u00e9e de r\u00e9flexion sur une plus large mobilisation pour la paix, pour la fraternit\u00e9, pour l&rsquo;\u00e9galit\u00e9, contre la violence, contre le racisme et la x\u00e9nophobie. Il faut savoir d\u00e9passer les rancunes accumul\u00e9es. Les rescap\u00e9s de Stonne, fran\u00e7ais et allemands, ont su le faire en proposant et en acceptant l&rsquo;esprit de r\u00e9conciliation, premi\u00e8re \u00e9tape vers l&rsquo;engagement pour la paix : c&rsquo;\u00e9tait voici 56 ans&#8230;ils \u00e9taient des pr\u00e9curseurs ! Que cela se poursuive en Europe et dans le monde entier !<br \/>\nMerci de votre attention,<span style=\"color: #ffffff;\">&#8230;&#8230;&#8230;&#8230;&#8230;&#8230;&#8230;&#8230;&#8230;&#8230;&#8230;&#8230;&#8230;&#8230;&#8230;&#8230;&#8230;&#8230;&#8230;&#8230;&#8230;&#8230;&#8230;&#8230;&#8230;&#8230;&#8230;&#8230;&#8230;&#8230;&#8230;&#8230;.<\/span>Michel BAUDIER<\/p><\/blockquote>\n\n\t\t<style type=\"text\/css\">\n\t\t\t#gallery-1 {\n\t\t\t\tmargin: auto;\n\t\t\t}\n\t\t\t#gallery-1 .gallery-item {\n\t\t\t\tfloat: left;\n\t\t\t\tmargin-top: 10px;\n\t\t\t\ttext-align: center;\n\t\t\t\twidth: 33%;\n\t\t\t}\n\t\t\t#gallery-1 img {\n\t\t\t\tborder: 2px solid #cfcfcf;\n\t\t\t}\n\t\t\t#gallery-1 .gallery-caption {\n\t\t\t\tmargin-left: 0;\n\t\t\t}\n\t\t\t\/* see gallery_shortcode() in wp-includes\/media.php *\/\n\t\t<\/style>\n\t\t<div id='gallery-1' class='gallery galleryid-2047 gallery-columns-3 gallery-size-medium'><dl class='gallery-item'>\n\t\t\t<dt class='gallery-icon landscape'>\n\t\t\t\t<a href='http:\/\/www.ardennes1940aceuxquiontresiste.org\/?attachment_id=2061'><img loading=\"lazy\" decoding=\"async\" width=\"300\" height=\"225\" src=\"http:\/\/www.ardennes1940aceuxquiontresiste.org\/wp-content\/uploads\/2017-4-300x225.jpg\" class=\"attachment-medium size-medium\" alt=\"\" aria-describedby=\"gallery-1-2061\" srcset=\"http:\/\/www.ardennes1940aceuxquiontresiste.org\/wp-content\/uploads\/2017-4-300x225.jpg 300w, http:\/\/www.ardennes1940aceuxquiontresiste.org\/wp-content\/uploads\/2017-4-768x576.jpg 768w, http:\/\/www.ardennes1940aceuxquiontresiste.org\/wp-content\/uploads\/2017-4-1024x768.jpg 1024w, http:\/\/www.ardennes1940aceuxquiontresiste.org\/wp-content\/uploads\/2017-4-624x468.jpg 624w\" sizes=\"auto, (max-width: 300px) 100vw, 300px\" \/><\/a>\n\t\t\t<\/dt>\n\t\t\t\t<dd class='wp-caption-text gallery-caption' id='gallery-1-2061'>\n\t\t\t\tHommage aux morts de la commune (M Rebisz, maire + des jeunes de Stonne)\n\t\t\t\t<\/dd><\/dl><dl class='gallery-item'>\n\t\t\t<dt class='gallery-icon landscape'>\n\t\t\t\t<a href='http:\/\/www.ardennes1940aceuxquiontresiste.org\/?attachment_id=2060'><img loading=\"lazy\" decoding=\"async\" width=\"300\" height=\"225\" src=\"http:\/\/www.ardennes1940aceuxquiontresiste.org\/wp-content\/uploads\/2017-3-300x225.jpg\" class=\"attachment-medium size-medium\" alt=\"\" aria-describedby=\"gallery-1-2060\" srcset=\"http:\/\/www.ardennes1940aceuxquiontresiste.org\/wp-content\/uploads\/2017-3-300x225.jpg 300w, http:\/\/www.ardennes1940aceuxquiontresiste.org\/wp-content\/uploads\/2017-3-768x576.jpg 768w, http:\/\/www.ardennes1940aceuxquiontresiste.org\/wp-content\/uploads\/2017-3-1024x768.jpg 1024w, http:\/\/www.ardennes1940aceuxquiontresiste.org\/wp-content\/uploads\/2017-3-624x468.jpg 624w\" sizes=\"auto, (max-width: 300px) 100vw, 300px\" \/><\/a>\n\t\t\t<\/dt>\n\t\t\t\t<dd class='wp-caption-text gallery-caption' id='gallery-1-2060'>\n\t\t\t\tHommage aux combattants de la 3\u00b0 DIM et 3\u00b0 DCR (avec M Ancelet, pr\u00e9sident de l\u2019amicale de Saint Quentin)\n\t\t\t\t<\/dd><\/dl><dl class='gallery-item'>\n\t\t\t<dt class='gallery-icon landscape'>\n\t\t\t\t<a href='http:\/\/www.ardennes1940aceuxquiontresiste.org\/?attachment_id=2048'><img loading=\"lazy\" decoding=\"async\" width=\"300\" height=\"169\" src=\"http:\/\/www.ardennes1940aceuxquiontresiste.org\/wp-content\/uploads\/JM2017-01-300x169.png\" class=\"attachment-medium size-medium\" alt=\"\" aria-describedby=\"gallery-1-2048\" srcset=\"http:\/\/www.ardennes1940aceuxquiontresiste.org\/wp-content\/uploads\/JM2017-01-300x169.png 300w, http:\/\/www.ardennes1940aceuxquiontresiste.org\/wp-content\/uploads\/JM2017-01-768x433.png 768w, http:\/\/www.ardennes1940aceuxquiontresiste.org\/wp-content\/uploads\/JM2017-01-624x352.png 624w, http:\/\/www.ardennes1940aceuxquiontresiste.org\/wp-content\/uploads\/JM2017-01.png 955w\" sizes=\"auto, (max-width: 300px) 100vw, 300px\" \/><\/a>\n\t\t\t<\/dt>\n\t\t\t\t<dd class='wp-caption-text gallery-caption' id='gallery-1-2048'>\n\t\t\t\tMadame le Sous-Pr\u00e9fet de Sedan, Cential de Mourmelon, Gendarmerie des Ardennes et de Satory, les amis de Saint Quentin, les \u00e9lus\n\t\t\t\t<\/dd><\/dl><br style=\"clear: both\" \/><dl class='gallery-item'>\n\t\t\t<dt class='gallery-icon landscape'>\n\t\t\t\t<a href='http:\/\/www.ardennes1940aceuxquiontresiste.org\/?attachment_id=2050'><img loading=\"lazy\" decoding=\"async\" width=\"300\" height=\"226\" src=\"http:\/\/www.ardennes1940aceuxquiontresiste.org\/wp-content\/uploads\/JM2017-03-300x226.png\" class=\"attachment-medium size-medium\" alt=\"\" aria-describedby=\"gallery-1-2050\" srcset=\"http:\/\/www.ardennes1940aceuxquiontresiste.org\/wp-content\/uploads\/JM2017-03-300x226.png 300w, http:\/\/www.ardennes1940aceuxquiontresiste.org\/wp-content\/uploads\/JM2017-03-768x578.png 768w, http:\/\/www.ardennes1940aceuxquiontresiste.org\/wp-content\/uploads\/JM2017-03-624x470.png 624w, http:\/\/www.ardennes1940aceuxquiontresiste.org\/wp-content\/uploads\/JM2017-03.png 954w\" sizes=\"auto, (max-width: 300px) 100vw, 300px\" \/><\/a>\n\t\t\t<\/dt>\n\t\t\t\t<dd class='wp-caption-text gallery-caption' id='gallery-1-2050'>\n\t\t\t\tW Rebisz maire de Stonne, Madame la Sous-Pr\u00e9f\u00e8te de Sedan, M Baudier Pr\u00e9sident d&rsquo;Ardennes 40\n\t\t\t\t<\/dd><\/dl><dl class='gallery-item'>\n\t\t\t<dt class='gallery-icon landscape'>\n\t\t\t\t<a href='http:\/\/www.ardennes1940aceuxquiontresiste.org\/?attachment_id=2054'><img loading=\"lazy\" decoding=\"async\" width=\"300\" height=\"169\" src=\"http:\/\/www.ardennes1940aceuxquiontresiste.org\/wp-content\/uploads\/JM2017-07-300x169.png\" class=\"attachment-medium size-medium\" alt=\"\" aria-describedby=\"gallery-1-2054\" srcset=\"http:\/\/www.ardennes1940aceuxquiontresiste.org\/wp-content\/uploads\/JM2017-07-300x169.png 300w, http:\/\/www.ardennes1940aceuxquiontresiste.org\/wp-content\/uploads\/JM2017-07-768x433.png 768w, http:\/\/www.ardennes1940aceuxquiontresiste.org\/wp-content\/uploads\/JM2017-07-624x352.png 624w, http:\/\/www.ardennes1940aceuxquiontresiste.org\/wp-content\/uploads\/JM2017-07.png 954w\" sizes=\"auto, (max-width: 300px) 100vw, 300px\" \/><\/a>\n\t\t\t<\/dt>\n\t\t\t\t<dd class='wp-caption-text gallery-caption' id='gallery-1-2054'>\n\t\t\t\tAu monument du 51\u00b0 RI aux Grandes Armoises avec G Faillon, maire et  M Horen, petit-fils d&rsquo;un officier du 51\u00b0\n\t\t\t\t<\/dd><\/dl><dl class='gallery-item'>\n\t\t\t<dt class='gallery-icon landscape'>\n\t\t\t\t<a href='http:\/\/www.ardennes1940aceuxquiontresiste.org\/?attachment_id=2049'><img loading=\"lazy\" decoding=\"async\" width=\"300\" height=\"224\" src=\"http:\/\/www.ardennes1940aceuxquiontresiste.org\/wp-content\/uploads\/JM2017-02-300x224.png\" class=\"attachment-medium size-medium\" alt=\"\" aria-describedby=\"gallery-1-2049\" srcset=\"http:\/\/www.ardennes1940aceuxquiontresiste.org\/wp-content\/uploads\/JM2017-02-300x224.png 300w, http:\/\/www.ardennes1940aceuxquiontresiste.org\/wp-content\/uploads\/JM2017-02-768x574.png 768w, http:\/\/www.ardennes1940aceuxquiontresiste.org\/wp-content\/uploads\/JM2017-02-624x467.png 624w, http:\/\/www.ardennes1940aceuxquiontresiste.org\/wp-content\/uploads\/JM2017-02.png 865w\" sizes=\"auto, (max-width: 300px) 100vw, 300px\" \/><\/a>\n\t\t\t<\/dt>\n\t\t\t\t<dd class='wp-caption-text gallery-caption' id='gallery-1-2049'>\n\t\t\t\tDe nombreux porte-drapeaux, de nombreux enfants\n\t\t\t\t<\/dd><\/dl><br style=\"clear: both\" \/><dl class='gallery-item'>\n\t\t\t<dt class='gallery-icon landscape'>\n\t\t\t\t<a href='http:\/\/www.ardennes1940aceuxquiontresiste.org\/?attachment_id=2052'><img loading=\"lazy\" decoding=\"async\" width=\"300\" height=\"224\" src=\"http:\/\/www.ardennes1940aceuxquiontresiste.org\/wp-content\/uploads\/JM2017-05-300x224.png\" class=\"attachment-medium size-medium\" alt=\"\" aria-describedby=\"gallery-1-2052\" srcset=\"http:\/\/www.ardennes1940aceuxquiontresiste.org\/wp-content\/uploads\/JM2017-05-300x224.png 300w, http:\/\/www.ardennes1940aceuxquiontresiste.org\/wp-content\/uploads\/JM2017-05-624x467.png 624w, http:\/\/www.ardennes1940aceuxquiontresiste.org\/wp-content\/uploads\/JM2017-05.png 718w\" sizes=\"auto, (max-width: 300px) 100vw, 300px\" \/><\/a>\n\t\t\t<\/dt>\n\t\t\t\t<dd class='wp-caption-text gallery-caption' id='gallery-1-2052'>\n\t\t\t\tEnvoi de messages vers l&rsquo;inconnu\n\t\t\t\t<\/dd><\/dl><dl class='gallery-item'>\n\t\t\t<dt class='gallery-icon landscape'>\n\t\t\t\t<a href='http:\/\/www.ardennes1940aceuxquiontresiste.org\/?attachment_id=2051'><img loading=\"lazy\" decoding=\"async\" width=\"300\" height=\"225\" src=\"http:\/\/www.ardennes1940aceuxquiontresiste.org\/wp-content\/uploads\/JM2017-04-300x225.png\" class=\"attachment-medium size-medium\" alt=\"\" aria-describedby=\"gallery-1-2051\" srcset=\"http:\/\/www.ardennes1940aceuxquiontresiste.org\/wp-content\/uploads\/JM2017-04-300x225.png 300w, http:\/\/www.ardennes1940aceuxquiontresiste.org\/wp-content\/uploads\/JM2017-04-624x467.png 624w, http:\/\/www.ardennes1940aceuxquiontresiste.org\/wp-content\/uploads\/JM2017-04.png 720w\" sizes=\"auto, (max-width: 300px) 100vw, 300px\" \/><\/a>\n\t\t\t<\/dt>\n\t\t\t\t<dd class='wp-caption-text gallery-caption' id='gallery-1-2051'>\n\t\t\t\tDeux v\u00e9t\u00e9rans artilleurs\n\t\t\t\t<\/dd><\/dl><dl class='gallery-item'>\n\t\t\t<dt class='gallery-icon landscape'>\n\t\t\t\t<a href='http:\/\/www.ardennes1940aceuxquiontresiste.org\/?attachment_id=2053'><img loading=\"lazy\" decoding=\"async\" width=\"300\" height=\"169\" src=\"http:\/\/www.ardennes1940aceuxquiontresiste.org\/wp-content\/uploads\/JM2017-06-300x169.png\" class=\"attachment-medium size-medium\" alt=\"\" aria-describedby=\"gallery-1-2053\" srcset=\"http:\/\/www.ardennes1940aceuxquiontresiste.org\/wp-content\/uploads\/JM2017-06-300x169.png 300w, http:\/\/www.ardennes1940aceuxquiontresiste.org\/wp-content\/uploads\/JM2017-06-768x432.png 768w, http:\/\/www.ardennes1940aceuxquiontresiste.org\/wp-content\/uploads\/JM2017-06-624x351.png 624w, http:\/\/www.ardennes1940aceuxquiontresiste.org\/wp-content\/uploads\/JM2017-06.png 952w\" sizes=\"auto, (max-width: 300px) 100vw, 300px\" \/><\/a>\n\t\t\t<\/dt>\n\t\t\t\t<dd class='wp-caption-text gallery-caption' id='gallery-1-2053'>\n\t\t\t\tAu monument de la r\u00e9conciliation\n\t\t\t\t<\/dd><\/dl><br style=\"clear: both\" \/>\n\t\t<\/div>\n\n","protected":false},"excerpt":{"rendered":"<p>Votre pr\u00e9sence et votre participation ce jour, ici, \u00e0 Stonne, haut-lieu des combats de mai 1940 est un grand r\u00e9confort et je suis s\u00fbr que les 4 100 morts au combat sur cet espace Mont-Dieu-Stonne-Tannay-Oches-Sommauthe sont fiers de constater que les Ardennais et leurs fr\u00e8res d&rsquo;armes n&rsquo;ont pas la m\u00e9moire courte, qu&rsquo;ils n&rsquo;oublient pas que [&hellip;]<\/p>\n","protected":false},"author":1,"featured_media":0,"comment_status":"closed","ping_status":"closed","sticky":false,"template":"","format":"standard","meta":{"footnotes":""},"categories":[5],"tags":[],"class_list":["post-2047","post","type-post","status-publish","format-standard","hentry","category-actualite"],"_links":{"self":[{"href":"http:\/\/www.ardennes1940aceuxquiontresiste.org\/index.php?rest_route=\/wp\/v2\/posts\/2047","targetHints":{"allow":["GET"]}}],"collection":[{"href":"http:\/\/www.ardennes1940aceuxquiontresiste.org\/index.php?rest_route=\/wp\/v2\/posts"}],"about":[{"href":"http:\/\/www.ardennes1940aceuxquiontresiste.org\/index.php?rest_route=\/wp\/v2\/types\/post"}],"author":[{"embeddable":true,"href":"http:\/\/www.ardennes1940aceuxquiontresiste.org\/index.php?rest_route=\/wp\/v2\/users\/1"}],"replies":[{"embeddable":true,"href":"http:\/\/www.ardennes1940aceuxquiontresiste.org\/index.php?rest_route=%2Fwp%2Fv2%2Fcomments&post=2047"}],"version-history":[{"count":10,"href":"http:\/\/www.ardennes1940aceuxquiontresiste.org\/index.php?rest_route=\/wp\/v2\/posts\/2047\/revisions"}],"predecessor-version":[{"id":2078,"href":"http:\/\/www.ardennes1940aceuxquiontresiste.org\/index.php?rest_route=\/wp\/v2\/posts\/2047\/revisions\/2078"}],"wp:attachment":[{"href":"http:\/\/www.ardennes1940aceuxquiontresiste.org\/index.php?rest_route=%2Fwp%2Fv2%2Fmedia&parent=2047"}],"wp:term":[{"taxonomy":"category","embeddable":true,"href":"http:\/\/www.ardennes1940aceuxquiontresiste.org\/index.php?rest_route=%2Fwp%2Fv2%2Fcategories&post=2047"},{"taxonomy":"post_tag","embeddable":true,"href":"http:\/\/www.ardennes1940aceuxquiontresiste.org\/index.php?rest_route=%2Fwp%2Fv2%2Ftags&post=2047"}],"curies":[{"name":"wp","href":"https:\/\/api.w.org\/{rel}","templated":true}]}}