{"id":1761,"date":"2016-06-08T08:35:38","date_gmt":"2016-06-08T07:35:38","guid":{"rendered":"http:\/\/www.ardennes1940aceuxquiontresiste.org\/?p=1761"},"modified":"2016-06-19T20:17:31","modified_gmt":"2016-06-19T19:17:31","slug":"1761","status":"publish","type":"post","link":"http:\/\/www.ardennes1940aceuxquiontresiste.org\/?p=1761","title":{"rendered":"4 juin 2016 &#8211; Voyage \u00e0 la Main de MASSIGES et VALMY"},"content":{"rendered":"<p><strong><em>Sur des lieux charg\u00e9s d&rsquo;histoire avec les enfants des \u00e9coles de Brieulles sur Bar, Ch\u00e9mery sur Bar et Le Chesne le samedi 4 juin 2016.<\/em><\/strong><\/p>\n<p>Visite des tranch\u00e9es de la Main de Massiges (Marne) guid\u00e9e par Eric Marchal et Jean-Pierre Mainsant, b\u00e9n\u00e9voles de l&rsquo;association de la Main de Massiges. Deux heures de d\u00e9couverte de la vie des poilus pendant plus de quatre ans.<\/p>\n<p>Puis, l&rsquo;apr\u00e8s-midi, visite du plateau de Valmy et explications donn\u00e9es sur la bataille, devant la statue du g\u00e9n\u00e9ral Kellermann dont le coeur se trouve dans une st\u00e8le en pierre, devant la statue. Retour par le moulin deux fois reconstruit avant de reprendre le car.<\/p>\n\n\t\t<style type=\"text\/css\">\n\t\t\t#gallery-1 {\n\t\t\t\tmargin: auto;\n\t\t\t}\n\t\t\t#gallery-1 .gallery-item {\n\t\t\t\tfloat: left;\n\t\t\t\tmargin-top: 10px;\n\t\t\t\ttext-align: center;\n\t\t\t\twidth: 33%;\n\t\t\t}\n\t\t\t#gallery-1 img {\n\t\t\t\tborder: 2px solid #cfcfcf;\n\t\t\t}\n\t\t\t#gallery-1 .gallery-caption {\n\t\t\t\tmargin-left: 0;\n\t\t\t}\n\t\t\t\/* see gallery_shortcode() in wp-includes\/media.php *\/\n\t\t<\/style>\n\t\t<div id='gallery-1' class='gallery galleryid-1761 gallery-columns-3 gallery-size-medium'><dl class='gallery-item'>\n\t\t\t<dt class='gallery-icon portrait'>\n\t\t\t\t<a href='http:\/\/www.ardennes1940aceuxquiontresiste.org\/wp-content\/uploads\/CAM00390-.jpg'><img loading=\"lazy\" decoding=\"async\" width=\"225\" height=\"300\" src=\"http:\/\/www.ardennes1940aceuxquiontresiste.org\/wp-content\/uploads\/CAM00390--225x300.jpg\" class=\"attachment-medium size-medium\" alt=\"\" srcset=\"http:\/\/www.ardennes1940aceuxquiontresiste.org\/wp-content\/uploads\/CAM00390--225x300.jpg 225w, http:\/\/www.ardennes1940aceuxquiontresiste.org\/wp-content\/uploads\/CAM00390--768x1024.jpg 768w, http:\/\/www.ardennes1940aceuxquiontresiste.org\/wp-content\/uploads\/CAM00390--624x832.jpg 624w, http:\/\/www.ardennes1940aceuxquiontresiste.org\/wp-content\/uploads\/CAM00390-.jpg 1920w\" sizes=\"auto, (max-width: 225px) 100vw, 225px\" \/><\/a>\n\t\t\t<\/dt><\/dl><dl class='gallery-item'>\n\t\t\t<dt class='gallery-icon landscape'>\n\t\t\t\t<a href='http:\/\/www.ardennes1940aceuxquiontresiste.org\/wp-content\/uploads\/Valmy2016_3.png'><img loading=\"lazy\" decoding=\"async\" width=\"300\" height=\"198\" src=\"http:\/\/www.ardennes1940aceuxquiontresiste.org\/wp-content\/uploads\/Valmy2016_3-300x198.png\" class=\"attachment-medium size-medium\" alt=\"\" srcset=\"http:\/\/www.ardennes1940aceuxquiontresiste.org\/wp-content\/uploads\/Valmy2016_3-300x198.png 300w, http:\/\/www.ardennes1940aceuxquiontresiste.org\/wp-content\/uploads\/Valmy2016_3.png 495w\" sizes=\"auto, (max-width: 300px) 100vw, 300px\" \/><\/a>\n\t\t\t<\/dt><\/dl><dl class='gallery-item'>\n\t\t\t<dt class='gallery-icon landscape'>\n\t\t\t\t<a href='http:\/\/www.ardennes1940aceuxquiontresiste.org\/wp-content\/uploads\/Valmy2016_1.jpg'><img loading=\"lazy\" decoding=\"async\" width=\"300\" height=\"169\" src=\"http:\/\/www.ardennes1940aceuxquiontresiste.org\/wp-content\/uploads\/Valmy2016_1-300x169.jpg\" class=\"attachment-medium size-medium\" alt=\"\" srcset=\"http:\/\/www.ardennes1940aceuxquiontresiste.org\/wp-content\/uploads\/Valmy2016_1-300x169.jpg 300w, http:\/\/www.ardennes1940aceuxquiontresiste.org\/wp-content\/uploads\/Valmy2016_1-768x432.jpg 768w, http:\/\/www.ardennes1940aceuxquiontresiste.org\/wp-content\/uploads\/Valmy2016_1-1024x576.jpg 1024w, http:\/\/www.ardennes1940aceuxquiontresiste.org\/wp-content\/uploads\/Valmy2016_1-624x351.jpg 624w\" sizes=\"auto, (max-width: 300px) 100vw, 300px\" \/><\/a>\n\t\t\t<\/dt><\/dl><br style=\"clear: both\" \/><dl class='gallery-item'>\n\t\t\t<dt class='gallery-icon landscape'>\n\t\t\t\t<a href='http:\/\/www.ardennes1940aceuxquiontresiste.org\/wp-content\/uploads\/Valmy2016_2.jpg'><img loading=\"lazy\" decoding=\"async\" width=\"300\" height=\"169\" src=\"http:\/\/www.ardennes1940aceuxquiontresiste.org\/wp-content\/uploads\/Valmy2016_2-300x169.jpg\" class=\"attachment-medium size-medium\" alt=\"\" srcset=\"http:\/\/www.ardennes1940aceuxquiontresiste.org\/wp-content\/uploads\/Valmy2016_2-300x169.jpg 300w, http:\/\/www.ardennes1940aceuxquiontresiste.org\/wp-content\/uploads\/Valmy2016_2-768x432.jpg 768w, http:\/\/www.ardennes1940aceuxquiontresiste.org\/wp-content\/uploads\/Valmy2016_2-1024x576.jpg 1024w, http:\/\/www.ardennes1940aceuxquiontresiste.org\/wp-content\/uploads\/Valmy2016_2-624x351.jpg 624w\" sizes=\"auto, (max-width: 300px) 100vw, 300px\" \/><\/a>\n\t\t\t<\/dt><\/dl>\n\t\t\t<br style='clear: both' \/>\n\t\t<\/div>\n\n","protected":false},"excerpt":{"rendered":"<p>Sur des lieux charg\u00e9s d&rsquo;histoire avec les enfants des \u00e9coles de Brieulles sur Bar, Ch\u00e9mery sur Bar et Le Chesne le samedi 4 juin 2016. Visite des tranch\u00e9es de la Main de Massiges (Marne) guid\u00e9e par Eric Marchal et Jean-Pierre Mainsant, b\u00e9n\u00e9voles de l&rsquo;association de la Main de Massiges. Deux heures de d\u00e9couverte de la [&hellip;]<\/p>\n","protected":false},"author":1,"featured_media":0,"comment_status":"closed","ping_status":"closed","sticky":false,"template":"","format":"standard","meta":{"footnotes":""},"categories":[5],"tags":[],"class_list":["post-1761","post","type-post","status-publish","format-standard","hentry","category-actualite"],"_links":{"self":[{"href":"http:\/\/www.ardennes1940aceuxquiontresiste.org\/index.php?rest_route=\/wp\/v2\/posts\/1761","targetHints":{"allow":["GET"]}}],"collection":[{"href":"http:\/\/www.ardennes1940aceuxquiontresiste.org\/index.php?rest_route=\/wp\/v2\/posts"}],"about":[{"href":"http:\/\/www.ardennes1940aceuxquiontresiste.org\/index.php?rest_route=\/wp\/v2\/types\/post"}],"author":[{"embeddable":true,"href":"http:\/\/www.ardennes1940aceuxquiontresiste.org\/index.php?rest_route=\/wp\/v2\/users\/1"}],"replies":[{"embeddable":true,"href":"http:\/\/www.ardennes1940aceuxquiontresiste.org\/index.php?rest_route=%2Fwp%2Fv2%2Fcomments&post=1761"}],"version-history":[{"count":6,"href":"http:\/\/www.ardennes1940aceuxquiontresiste.org\/index.php?rest_route=\/wp\/v2\/posts\/1761\/revisions"}],"predecessor-version":[{"id":1772,"href":"http:\/\/www.ardennes1940aceuxquiontresiste.org\/index.php?rest_route=\/wp\/v2\/posts\/1761\/revisions\/1772"}],"wp:attachment":[{"href":"http:\/\/www.ardennes1940aceuxquiontresiste.org\/index.php?rest_route=%2Fwp%2Fv2%2Fmedia&parent=1761"}],"wp:term":[{"taxonomy":"category","embeddable":true,"href":"http:\/\/www.ardennes1940aceuxquiontresiste.org\/index.php?rest_route=%2Fwp%2Fv2%2Fcategories&post=1761"},{"taxonomy":"post_tag","embeddable":true,"href":"http:\/\/www.ardennes1940aceuxquiontresiste.org\/index.php?rest_route=%2Fwp%2Fv2%2Ftags&post=1761"}],"curies":[{"name":"wp","href":"https:\/\/api.w.org\/{rel}","templated":true}]}}