{"id":1746,"date":"2016-06-08T08:16:00","date_gmt":"2016-06-08T07:16:00","guid":{"rendered":"http:\/\/www.ardennes1940aceuxquiontresiste.org\/?p=1746"},"modified":"2016-06-23T20:01:11","modified_gmt":"2016-06-23T19:01:11","slug":"1746","status":"publish","type":"post","link":"http:\/\/www.ardennes1940aceuxquiontresiste.org\/?p=1746","title":{"rendered":"3 juin 2016 &#8211; FLOING &#8211; Les Ardennes se souviennent"},"content":{"rendered":"<p>Entre la ligne Maginot et la Picardie o\u00f9 d\u00e9ferlaient les divisions blind\u00e9es allemandes en mai et juin 1940, les Ardennes ont \u00e9t\u00e9 le lieu o\u00f9 l&rsquo;arm\u00e9e fran\u00e7aise a r\u00e9sist\u00e9 \u00e0 la Wehrmacht pendant un mois. Ces combats ont \u00e9t\u00e9 tr\u00e8s meurtriers des deux c\u00f4t\u00e9s.<br \/>\nNous organisons chaque ann\u00e9e une soir\u00e9e de M\u00e9moire en honneur de ces milliers de braves tomb\u00e9s sur la terre ardennaise. C&rsquo;\u00e9tait le 3 juin en soir\u00e9e \u00e0 la n\u00e9cropole de FLOING. Madame la Sous-Pr\u00e9f\u00e8te de Sedan \u00e9tait pr\u00e9sente et nous avons b\u00e9n\u00e9fici\u00e9 de l&rsquo;appui de l&rsquo;ONAC 08 et de la mairie de FLOING.<\/p>\n<p>Fleurissement d&rsquo;une tombe de chaque religion (chr\u00e9tienne-musulmane-juda\u00efque) :<\/p>\n<p>\n\t\t<style type=\"text\/css\">\n\t\t\t#gallery-1 {\n\t\t\t\tmargin: auto;\n\t\t\t}\n\t\t\t#gallery-1 .gallery-item {\n\t\t\t\tfloat: left;\n\t\t\t\tmargin-top: 10px;\n\t\t\t\ttext-align: center;\n\t\t\t\twidth: 50%;\n\t\t\t}\n\t\t\t#gallery-1 img {\n\t\t\t\tborder: 2px solid #cfcfcf;\n\t\t\t}\n\t\t\t#gallery-1 .gallery-caption {\n\t\t\t\tmargin-left: 0;\n\t\t\t}\n\t\t\t\/* see gallery_shortcode() in wp-includes\/media.php *\/\n\t\t<\/style>\n\t\t<div id='gallery-1' class='gallery galleryid-1746 gallery-columns-2 gallery-size-medium'><dl class='gallery-item'>\n\t\t\t<dt class='gallery-icon portrait'>\n\t\t\t\t<a href='http:\/\/www.ardennes1940aceuxquiontresiste.org\/wp-content\/uploads\/Floin2016_1.jpg'><img loading=\"lazy\" decoding=\"async\" width=\"243\" height=\"300\" src=\"http:\/\/www.ardennes1940aceuxquiontresiste.org\/wp-content\/uploads\/Floin2016_1-243x300.jpg\" class=\"attachment-medium size-medium\" alt=\"\" srcset=\"http:\/\/www.ardennes1940aceuxquiontresiste.org\/wp-content\/uploads\/Floin2016_1-243x300.jpg 243w, http:\/\/www.ardennes1940aceuxquiontresiste.org\/wp-content\/uploads\/Floin2016_1-768x948.jpg 768w, http:\/\/www.ardennes1940aceuxquiontresiste.org\/wp-content\/uploads\/Floin2016_1-830x1024.jpg 830w, http:\/\/www.ardennes1940aceuxquiontresiste.org\/wp-content\/uploads\/Floin2016_1-624x770.jpg 624w, http:\/\/www.ardennes1940aceuxquiontresiste.org\/wp-content\/uploads\/Floin2016_1.jpg 1219w\" sizes=\"auto, (max-width: 243px) 100vw, 243px\" \/><\/a>\n\t\t\t<\/dt><\/dl><dl class='gallery-item'>\n\t\t\t<dt class='gallery-icon portrait'>\n\t\t\t\t<a href='http:\/\/www.ardennes1940aceuxquiontresiste.org\/wp-content\/uploads\/Floin2016_2.jpg'><img loading=\"lazy\" decoding=\"async\" width=\"207\" height=\"300\" src=\"http:\/\/www.ardennes1940aceuxquiontresiste.org\/wp-content\/uploads\/Floin2016_2-207x300.jpg\" class=\"attachment-medium size-medium\" alt=\"\" srcset=\"http:\/\/www.ardennes1940aceuxquiontresiste.org\/wp-content\/uploads\/Floin2016_2-207x300.jpg 207w, http:\/\/www.ardennes1940aceuxquiontresiste.org\/wp-content\/uploads\/Floin2016_2-768x1113.jpg 768w, http:\/\/www.ardennes1940aceuxquiontresiste.org\/wp-content\/uploads\/Floin2016_2-707x1024.jpg 707w, http:\/\/www.ardennes1940aceuxquiontresiste.org\/wp-content\/uploads\/Floin2016_2-624x904.jpg 624w, http:\/\/www.ardennes1940aceuxquiontresiste.org\/wp-content\/uploads\/Floin2016_2.jpg 1060w\" sizes=\"auto, (max-width: 207px) 100vw, 207px\" \/><\/a>\n\t\t\t<\/dt><\/dl><br style=\"clear: both\" \/>\n\t\t<\/div>\n<br \/>\nLecture d&rsquo;un po\u00e8me par un jeune.<br \/>\nD\u00e9claration du pr\u00e9sident d&rsquo;ARDENNES1940, initiateur de la manifestation.<br \/>\nRemerciements aux 14 porte-drapeaux pr\u00e9sents et aux jeunes porteurs de flambeaux.<br \/>\nLa manifestation a \u00e9t\u00e9 suivie par un vin d&rsquo;honneur offert par la commune.<\/p>\n<p style=\"text-align: center;\">\nD\u00e9p\u00f4t d&rsquo;un coussin avec l&rsquo;inscription \u00ab\u00a0LES ARDENNES SE SOUVIENNENT\u00a0\u00bb :<\/p>\n\n\t\t<style type=\"text\/css\">\n\t\t\t#gallery-2 {\n\t\t\t\tmargin: auto;\n\t\t\t}\n\t\t\t#gallery-2 .gallery-item {\n\t\t\t\tfloat: left;\n\t\t\t\tmargin-top: 10px;\n\t\t\t\ttext-align: center;\n\t\t\t\twidth: 100%;\n\t\t\t}\n\t\t\t#gallery-2 img {\n\t\t\t\tborder: 2px solid #cfcfcf;\n\t\t\t}\n\t\t\t#gallery-2 .gallery-caption {\n\t\t\t\tmargin-left: 0;\n\t\t\t}\n\t\t\t\/* see gallery_shortcode() in wp-includes\/media.php *\/\n\t\t<\/style>\n\t\t<div id='gallery-2' class='gallery galleryid-1746 gallery-columns-1 gallery-size-medium'><dl class='gallery-item'>\n\t\t\t<dt class='gallery-icon landscape'>\n\t\t\t\t<a href='http:\/\/www.ardennes1940aceuxquiontresiste.org\/wp-content\/uploads\/Floin2016_3.jpg'><img loading=\"lazy\" decoding=\"async\" width=\"300\" height=\"257\" src=\"http:\/\/www.ardennes1940aceuxquiontresiste.org\/wp-content\/uploads\/Floin2016_3-300x257.jpg\" class=\"attachment-medium size-medium\" alt=\"\" srcset=\"http:\/\/www.ardennes1940aceuxquiontresiste.org\/wp-content\/uploads\/Floin2016_3-300x257.jpg 300w, http:\/\/www.ardennes1940aceuxquiontresiste.org\/wp-content\/uploads\/Floin2016_3-768x657.jpg 768w, http:\/\/www.ardennes1940aceuxquiontresiste.org\/wp-content\/uploads\/Floin2016_3-1024x877.jpg 1024w, http:\/\/www.ardennes1940aceuxquiontresiste.org\/wp-content\/uploads\/Floin2016_3-624x534.jpg 624w, http:\/\/www.ardennes1940aceuxquiontresiste.org\/wp-content\/uploads\/Floin2016_3.jpg 1618w\" sizes=\"auto, (max-width: 300px) 100vw, 300px\" \/><\/a>\n\t\t\t<\/dt><\/dl><br style=\"clear: both\" \/>\n\t\t<\/div>\n\n<blockquote><p>\u00ab\u00a0Nous honorons ce soir la m\u00e9moire de tous ces combattants qui ont r\u00e9sist\u00e9 de mani\u00e8re exemplaire, dans des conditions tr\u00e8s in\u00e9gales, du 13 mai au 11 juin 1940, date de l&rsquo;ordre de repli. Ils venaient de toutes les r\u00e9gions de France et de toutes les parties de notre immense empire colonial. Ils ont pay\u00e9 le prix fort pour leur r\u00e9sistance : un certain nombre reposent dans cette n\u00e9cropole : ils repr\u00e9sentent les milliers de leurs camarades tomb\u00e9s sur le sol ardennais. Ce sont des oubli\u00e9s de l&rsquo;Histoire dite officielle. Mais ils ont acquis le droit \u00e0 notre reconnaissance, nous les Ardennais et les Ardennaises qui avons entretenu jusqu&rsquo;en 1963 les tombes de la litanie de cimeti\u00e8res communaux o\u00f9 ils avaient \u00e9t\u00e9 p\u00e9niblement rassembl\u00e9s.<br \/>\nJe vous remercie tous, et en particulier Mme la Sous-Pr\u00e9f\u00e8te, d&rsquo;\u00eatre venus leur rendre hommage.\u00a0\u00bb Michel BAUDIER<\/p><\/blockquote>\n<hr \/>\n<p style=\"text-align: center;\"><strong>La presse informe<\/strong><\/p>\n<p><a href=\"http:\/\/www.ardennes1940aceuxquiontresiste.org\/wp-content\/uploads\/Capture-d\u2019\u00e9cran-2016-06-22-\u00e0-21.50.52.png\"><img loading=\"lazy\" decoding=\"async\" class=\"aligncenter size-full wp-image-1776\" src=\"http:\/\/www.ardennes1940aceuxquiontresiste.org\/wp-content\/uploads\/Capture-d\u2019\u00e9cran-2016-06-22-\u00e0-21.50.52.png\" alt=\"Capture d\u2019\u00e9cran 2016-06-22 \u00e0 21.50.52\" width=\"351\" height=\"624\" srcset=\"http:\/\/www.ardennes1940aceuxquiontresiste.org\/wp-content\/uploads\/Capture-d\u2019\u00e9cran-2016-06-22-\u00e0-21.50.52.png 351w, http:\/\/www.ardennes1940aceuxquiontresiste.org\/wp-content\/uploads\/Capture-d\u2019\u00e9cran-2016-06-22-\u00e0-21.50.52-169x300.png 169w\" sizes=\"auto, (max-width: 351px) 100vw, 351px\" \/><\/a><\/p>\n<p>L&rsquo;Ardennais- L&rsquo;Union 11 juin 2016<\/p>\n<p><a href=\"http:\/\/www.ardennes1940aceuxquiontresiste.org\/wp-content\/uploads\/Capture-d\u2019\u00e9cran-2016-06-22-\u00e0-21.50.12.png\"><img loading=\"lazy\" decoding=\"async\" class=\"aligncenter size-full wp-image-1775\" src=\"http:\/\/www.ardennes1940aceuxquiontresiste.org\/wp-content\/uploads\/Capture-d\u2019\u00e9cran-2016-06-22-\u00e0-21.50.12.png\" alt=\"Capture d\u2019\u00e9cran 2016-06-22 \u00e0 21.50.12\" width=\"501\" height=\"542\" srcset=\"http:\/\/www.ardennes1940aceuxquiontresiste.org\/wp-content\/uploads\/Capture-d\u2019\u00e9cran-2016-06-22-\u00e0-21.50.12.png 501w, http:\/\/www.ardennes1940aceuxquiontresiste.org\/wp-content\/uploads\/Capture-d\u2019\u00e9cran-2016-06-22-\u00e0-21.50.12-277x300.png 277w\" sizes=\"auto, (max-width: 501px) 100vw, 501px\" \/><\/a><\/p>\n<p>(Publication soutenue par le Conseil D\u00e9partemental 08)<\/p>\n<p>Cet \u00e9cho est \u00e0 la mesure de la\u00a0mobilisation des \u00e9lus d\u00e9partementaux : <strong>aucun pr\u00e9sent<\/strong> !!<\/p>\n<p>&nbsp;<\/p>\n","protected":false},"excerpt":{"rendered":"<p>Entre la ligne Maginot et la Picardie o\u00f9 d\u00e9ferlaient les divisions blind\u00e9es allemandes en mai et juin 1940, les Ardennes ont \u00e9t\u00e9 le lieu o\u00f9 l&rsquo;arm\u00e9e fran\u00e7aise a r\u00e9sist\u00e9 \u00e0 la Wehrmacht pendant un mois. Ces combats ont \u00e9t\u00e9 tr\u00e8s meurtriers des deux c\u00f4t\u00e9s. Nous organisons chaque ann\u00e9e une soir\u00e9e de M\u00e9moire en honneur de [&hellip;]<\/p>\n","protected":false},"author":1,"featured_media":0,"comment_status":"closed","ping_status":"closed","sticky":false,"template":"","format":"standard","meta":{"footnotes":""},"categories":[5,4],"tags":[],"class_list":["post-1746","post","type-post","status-publish","format-standard","hentry","category-actualite","category-revue-du-presse"],"_links":{"self":[{"href":"http:\/\/www.ardennes1940aceuxquiontresiste.org\/index.php?rest_route=\/wp\/v2\/posts\/1746","targetHints":{"allow":["GET"]}}],"collection":[{"href":"http:\/\/www.ardennes1940aceuxquiontresiste.org\/index.php?rest_route=\/wp\/v2\/posts"}],"about":[{"href":"http:\/\/www.ardennes1940aceuxquiontresiste.org\/index.php?rest_route=\/wp\/v2\/types\/post"}],"author":[{"embeddable":true,"href":"http:\/\/www.ardennes1940aceuxquiontresiste.org\/index.php?rest_route=\/wp\/v2\/users\/1"}],"replies":[{"embeddable":true,"href":"http:\/\/www.ardennes1940aceuxquiontresiste.org\/index.php?rest_route=%2Fwp%2Fv2%2Fcomments&post=1746"}],"version-history":[{"count":15,"href":"http:\/\/www.ardennes1940aceuxquiontresiste.org\/index.php?rest_route=\/wp\/v2\/posts\/1746\/revisions"}],"predecessor-version":[{"id":1781,"href":"http:\/\/www.ardennes1940aceuxquiontresiste.org\/index.php?rest_route=\/wp\/v2\/posts\/1746\/revisions\/1781"}],"wp:attachment":[{"href":"http:\/\/www.ardennes1940aceuxquiontresiste.org\/index.php?rest_route=%2Fwp%2Fv2%2Fmedia&parent=1746"}],"wp:term":[{"taxonomy":"category","embeddable":true,"href":"http:\/\/www.ardennes1940aceuxquiontresiste.org\/index.php?rest_route=%2Fwp%2Fv2%2Fcategories&post=1746"},{"taxonomy":"post_tag","embeddable":true,"href":"http:\/\/www.ardennes1940aceuxquiontresiste.org\/index.php?rest_route=%2Fwp%2Fv2%2Ftags&post=1746"}],"curies":[{"name":"wp","href":"https:\/\/api.w.org\/{rel}","templated":true}]}}