{"id":1729,"date":"2016-05-18T18:16:25","date_gmt":"2016-05-18T17:16:25","guid":{"rendered":"http:\/\/www.ardennes1940aceuxquiontresiste.org\/?p=1729"},"modified":"2016-06-08T08:30:27","modified_gmt":"2016-06-08T07:30:27","slug":"15-mai-2016-stonne-journee-de-memoire","status":"publish","type":"post","link":"http:\/\/www.ardennes1940aceuxquiontresiste.org\/?p=1729","title":{"rendered":"15 mai 2016 &#8211; STONNE : Journ\u00e9e de M\u00e9moire"},"content":{"rendered":"<p>Matin\u00e9e bien fra\u00eeche (il avait gel\u00e9 \u00e0 Stonne) mais <strong>bonne participation<\/strong> :<br \/>\n&#8211; un groupe du CENTIAL-51\u00b0 RI de Mourmelon &#8211; photo 1<br \/>\n&#8211; de nombreuses personnalit\u00e9s dont Mme la Sous-Pr\u00e9f\u00e8te de Sedan (photo 2)<br \/>\n&#8211; de nombreux porte-drapeaux (dont beaucoup de Saint Quentin) (photo 3)<br \/>\n&#8211; deux v\u00e9t\u00e9rans : un allemand (avec le b\u00e9ret), un fran\u00e7ais (photo 4)<br \/>\n&#8211; une forte participation de jeunes (photo 5)<br \/>\ndes \u00e9lus, la population locale, des familles venues de partout,<br \/>\nun moment intense de <strong>recueillement<\/strong> et d&rsquo;<strong>hommage<\/strong> \u00e0 ces hommes morts au combat, un appel \u00e0 la <strong>solidarit\u00e9<\/strong> et \u00e0 la <strong>paix<\/strong>&#8230;<\/p>\n\n\t\t<style type=\"text\/css\">\n\t\t\t#gallery-1 {\n\t\t\t\tmargin: auto;\n\t\t\t}\n\t\t\t#gallery-1 .gallery-item {\n\t\t\t\tfloat: left;\n\t\t\t\tmargin-top: 10px;\n\t\t\t\ttext-align: center;\n\t\t\t\twidth: 50%;\n\t\t\t}\n\t\t\t#gallery-1 img {\n\t\t\t\tborder: 2px solid #cfcfcf;\n\t\t\t}\n\t\t\t#gallery-1 .gallery-caption {\n\t\t\t\tmargin-left: 0;\n\t\t\t}\n\t\t\t\/* see gallery_shortcode() in wp-includes\/media.php *\/\n\t\t<\/style>\n\t\t<div id='gallery-1' class='gallery galleryid-1729 gallery-columns-2 gallery-size-medium'><dl class='gallery-item'>\n\t\t\t<dt class='gallery-icon landscape'>\n\t\t\t\t<a href='http:\/\/www.ardennes1940aceuxquiontresiste.org\/wp-content\/uploads\/STONNE-2016-2jpg.jpg'><img loading=\"lazy\" decoding=\"async\" width=\"300\" height=\"225\" src=\"http:\/\/www.ardennes1940aceuxquiontresiste.org\/wp-content\/uploads\/STONNE-2016-2jpg-300x225.jpg\" class=\"attachment-medium size-medium\" alt=\"\" srcset=\"http:\/\/www.ardennes1940aceuxquiontresiste.org\/wp-content\/uploads\/STONNE-2016-2jpg-300x225.jpg 300w, http:\/\/www.ardennes1940aceuxquiontresiste.org\/wp-content\/uploads\/STONNE-2016-2jpg-768x576.jpg 768w, http:\/\/www.ardennes1940aceuxquiontresiste.org\/wp-content\/uploads\/STONNE-2016-2jpg-1024x768.jpg 1024w, http:\/\/www.ardennes1940aceuxquiontresiste.org\/wp-content\/uploads\/STONNE-2016-2jpg-624x468.jpg 624w\" sizes=\"auto, (max-width: 300px) 100vw, 300px\" \/><\/a>\n\t\t\t<\/dt><\/dl><dl class='gallery-item'>\n\t\t\t<dt class='gallery-icon landscape'>\n\t\t\t\t<a href='http:\/\/www.ardennes1940aceuxquiontresiste.org\/wp-content\/uploads\/STONNE-2016-1-.jpg'><img loading=\"lazy\" decoding=\"async\" width=\"300\" height=\"225\" src=\"http:\/\/www.ardennes1940aceuxquiontresiste.org\/wp-content\/uploads\/STONNE-2016-1--300x225.jpg\" class=\"attachment-medium size-medium\" alt=\"\" srcset=\"http:\/\/www.ardennes1940aceuxquiontresiste.org\/wp-content\/uploads\/STONNE-2016-1--300x225.jpg 300w, http:\/\/www.ardennes1940aceuxquiontresiste.org\/wp-content\/uploads\/STONNE-2016-1--768x576.jpg 768w, http:\/\/www.ardennes1940aceuxquiontresiste.org\/wp-content\/uploads\/STONNE-2016-1--1024x768.jpg 1024w, http:\/\/www.ardennes1940aceuxquiontresiste.org\/wp-content\/uploads\/STONNE-2016-1--624x468.jpg 624w\" sizes=\"auto, (max-width: 300px) 100vw, 300px\" \/><\/a>\n\t\t\t<\/dt><\/dl><br style=\"clear: both\" \/><dl class='gallery-item'>\n\t\t\t<dt class='gallery-icon landscape'>\n\t\t\t\t<a href='http:\/\/www.ardennes1940aceuxquiontresiste.org\/wp-content\/uploads\/STONNE-2016-3.jpg'><img loading=\"lazy\" decoding=\"async\" width=\"300\" height=\"225\" src=\"http:\/\/www.ardennes1940aceuxquiontresiste.org\/wp-content\/uploads\/STONNE-2016-3-300x225.jpg\" class=\"attachment-medium size-medium\" alt=\"\" srcset=\"http:\/\/www.ardennes1940aceuxquiontresiste.org\/wp-content\/uploads\/STONNE-2016-3-300x225.jpg 300w, http:\/\/www.ardennes1940aceuxquiontresiste.org\/wp-content\/uploads\/STONNE-2016-3-768x576.jpg 768w, http:\/\/www.ardennes1940aceuxquiontresiste.org\/wp-content\/uploads\/STONNE-2016-3-1024x768.jpg 1024w, http:\/\/www.ardennes1940aceuxquiontresiste.org\/wp-content\/uploads\/STONNE-2016-3-624x468.jpg 624w\" sizes=\"auto, (max-width: 300px) 100vw, 300px\" \/><\/a>\n\t\t\t<\/dt><\/dl><dl class='gallery-item'>\n\t\t\t<dt class='gallery-icon landscape'>\n\t\t\t\t<a href='http:\/\/www.ardennes1940aceuxquiontresiste.org\/wp-content\/uploads\/STONNE-2016-5.jpg'><img loading=\"lazy\" decoding=\"async\" width=\"300\" height=\"225\" src=\"http:\/\/www.ardennes1940aceuxquiontresiste.org\/wp-content\/uploads\/STONNE-2016-5-300x225.jpg\" class=\"attachment-medium size-medium\" alt=\"\" srcset=\"http:\/\/www.ardennes1940aceuxquiontresiste.org\/wp-content\/uploads\/STONNE-2016-5-300x225.jpg 300w, http:\/\/www.ardennes1940aceuxquiontresiste.org\/wp-content\/uploads\/STONNE-2016-5-768x576.jpg 768w, http:\/\/www.ardennes1940aceuxquiontresiste.org\/wp-content\/uploads\/STONNE-2016-5-1024x768.jpg 1024w, http:\/\/www.ardennes1940aceuxquiontresiste.org\/wp-content\/uploads\/STONNE-2016-5-624x468.jpg 624w\" sizes=\"auto, (max-width: 300px) 100vw, 300px\" \/><\/a>\n\t\t\t<\/dt><\/dl><br style=\"clear: both\" \/><dl class='gallery-item'>\n\t\t\t<dt class='gallery-icon portrait'>\n\t\t\t\t<a href='http:\/\/www.ardennes1940aceuxquiontresiste.org\/wp-content\/uploads\/STONNE-2016-4.jpg'><img loading=\"lazy\" decoding=\"async\" width=\"202\" height=\"300\" src=\"http:\/\/www.ardennes1940aceuxquiontresiste.org\/wp-content\/uploads\/STONNE-2016-4-202x300.jpg\" class=\"attachment-medium size-medium\" alt=\"\" srcset=\"http:\/\/www.ardennes1940aceuxquiontresiste.org\/wp-content\/uploads\/STONNE-2016-4-202x300.jpg 202w, http:\/\/www.ardennes1940aceuxquiontresiste.org\/wp-content\/uploads\/STONNE-2016-4-768x1141.jpg 768w, http:\/\/www.ardennes1940aceuxquiontresiste.org\/wp-content\/uploads\/STONNE-2016-4-689x1024.jpg 689w, http:\/\/www.ardennes1940aceuxquiontresiste.org\/wp-content\/uploads\/STONNE-2016-4-624x927.jpg 624w, http:\/\/www.ardennes1940aceuxquiontresiste.org\/wp-content\/uploads\/STONNE-2016-4.jpg 1277w\" sizes=\"auto, (max-width: 202px) 100vw, 202px\" \/><\/a>\n\t\t\t<\/dt><\/dl>\n\t\t\t<br style='clear: both' \/>\n\t\t<\/div>\n\n<p><em>Ci-dessous, retrouvez l&rsquo;<strong>allocution du Pr\u00e9sident et de Madame la Sous-Pr\u00e9f\u00e8te de Sedan<\/b>.<\/em><\/p>\n<p><!--more--><\/p>\n<p><b><u>Allocution du Pr\u00e9sident<\/u><\/b><\/p>\n<p>Madame la Sous-Pr\u00e9f\u00e8te,<\/p>\n<p>Mon Colonel,<\/p>\n<p>Mesdames et Messieurs les \u00e9lus, Responsables civils et militaires, Enseignants, Pr\u00e9sidents d&rsquo;associations, et vous les Jeunes, la France de demain,<\/p>\n<p>Un grand merci d&rsquo;avoir r\u00e9pondu \u00e0 notre invitation pour honorer la m\u00e9moire de ceux qui ont combattu, ici, \u00e0 STONNE et dans les environs, du 14 mai au 11 juin 1940, qui ont r\u00e9sist\u00e9, qui ont tenu pendant un mois face aux forces des dictatures voulant asservir l&rsquo;Europe. Il faut le dire bien haut et bien fort car <u>nous sommes bien seuls \u00e0 le faire<\/u>. Ce sont pourtant <u>des<\/u> combattants de Stonne qui, avec d&rsquo;autres, ont d\u00e9livr\u00e9 Strasbourg, le 23 novembre 1944, dans la 2\u00b0 DB du g\u00e9n\u00e9ral Leclerc ! Oui, ceux que l&rsquo;on oublie quand ils portent l&rsquo;\u00e9cusson de la 3\u00b0 DCR sont adul\u00e9s quand ils portent l&rsquo;\u00e9cusson de la \u00a0\u00a0\u00a0\u00a0\u00a0\u00a0\u00a02\u00b0 DB : c&rsquo;\u00e9tait pourtant les m\u00eames&#8230; Le jugement du g\u00e9n\u00e9ral Leclerc balaie pour moi tous les autres, car il sait de quoi il parle. Voici ce qu&rsquo;il d\u00e9clarait le 4 octobre 1947 : \u00ab\u00a0<em>La 2\u00b0 Division Blind\u00e9e que j&rsquo;ai eu le grand honneur de commander a \u00e9t\u00e9 la fille de la 3\u00b0 Division Cuirass\u00e9e tant par le nombre des anciens qui sont venus s&rsquo;y joindre \u00e0 moi que par ses qualit\u00e9s de courage et d&rsquo;audace sur le champ de bataille<\/em>.\u00a0\u00bb Cette 2\u00b0 DB lib\u00e9rant Strasbourg, capitale de l&rsquo;Alsace annex\u00e9e par l&#8217;empire nazi : quel merveilleux symbole ! Les rescap\u00e9s de Stonne vengeaient ainsi leurs camarades rest\u00e9s ici, sur le terrain, abandonn\u00e9s des mois durant dans cette zone interdite qui nous coupa de la France.<\/p>\n<p>Militaires de Mourmelon porteurs des traditions du 51\u00b0 RI et par-del\u00e0, de la 3\u00b0 DIM, de la 3\u00b0 DCR et des combattants de 40, soyez fiers d&rsquo;\u00eatre les h\u00e9ritiers de combattants valeureux dont le comportement a plus d&rsquo;une fois \u00e9t\u00e9 compar\u00e9 \u00e0 celui des poilus de 1914\/18 tant par leurs chefs que par leurs adversaires.<\/p>\n<p>C&rsquo;est notre honneur de faire en sorte que les 4 500 Morts pour la France qui sont tomb\u00e9s des Bois de Sommauthe au Mont Dieu et au Chesne, soient r\u00e9guli\u00e8rement honor\u00e9s. Pensons que derri\u00e8re chacun d&rsquo;eux il y avait des parents, une \u00e9pouse, des enfants, des amis, des milliers de personnes marqu\u00e9es \u00e0 jamais par un injuste destin, et de plus abandonn\u00e9es par une France d\u00e9chir\u00e9e.<\/p>\n<p>Tant de souffrances m\u00e9ritent notre attention, notre respect et notre reconnaissance. D&rsquo;autant plus que la M\u00e9moire doit \u00eatre porteuse d&rsquo;enseignement pour guider nos choix pr\u00e9sents et futurs. Merci \u00e0 vous, les Jeunes de nous accompagner dans notre d\u00e9marche ; Apprenez \u00e0 ouvrir les yeux pour constater que la guerre n&rsquo;est pas seulement sujet de films ou de romans : elle se d\u00e9roule sous nos yeux avec une f\u00e9rocit\u00e9 effroyable. La Paix n&rsquo;est pas un don du ciel ou d&rsquo;ailleurs : elle se pr\u00e9pare, elle se cultive, elle appartient \u00e0 la famille de la Fraternit\u00e9, de la Solidarit\u00e9, de la La\u00efcit\u00e9 qui ne sont rien sans la Libert\u00e9 et l&rsquo;Egalit\u00e9. Les adversaires de mai-juin 40 survivants ont montr\u00e9 ici, \u00e0 Stonne, en 1962, que la r\u00e9conciliation \u00e9tait possible et qu&rsquo;on pouvait s&rsquo;engager ensemble sur le chemin de la Paix dans l&rsquo;Amiti\u00e9.<\/p>\n<p>Forts de ces exemples et de ces engagements, effor\u00e7ons nous d&rsquo;appliquer notre devise \u00a0r\u00e9publicaine : Libert\u00e9 Egalit\u00e9 Fraternit\u00e9, pour construire <u>ensemble<\/u> une soci\u00e9t\u00e9 guid\u00e9e par le bonheur des peuples dans leur diversit\u00e9 !<\/p>\n<p>Michel Baudier pr\u00e9sident<\/p>\n<hr \/>\n<p><b><u>Allocution de Madame la Sous-Pr\u00e9f\u00e8te de Sedan<\/u><\/b><\/p>\n<p>Monsieur le Pr\u00e9sident,<\/p>\n<p>Je suis tr\u00e8s honor\u00e9e de participer aujourd\u2019hui \u00e0 la comm\u00e9moration du 76<sup>\u00e8me<\/sup> anniversaire de la bataille de Stonne. A travers notre pr\u00e9sence ici, \u00c9tat, \u00e9lus, militaires, citoyens fran\u00e7ais ou \u00e9trangers, en ce jour de souvenir, c\u2019est la nation toute enti\u00e8re qui rend hommage \u00e0 ses soldats.<\/p>\n<p>Je tiens \u00e0 remercier chacun d&rsquo;entre vous pour l\u2019organisation fid\u00e8le de ces journ\u00e9es de m\u00e9moire.<\/p>\n<p>Je ne vais ici \u00e9voquer la tactique militaire de la bataille de Stonne et ses environs (la plupart d&rsquo;entre vous seraient mieux qualifi\u00e9s que moi pour le faire&#8230;) mais je souhaiterais, au nom de l&rsquo;\u00c9tat, rendre justice aux soldats de 40. Il existe une l\u00e9gende noire, celle d\u2019une arm\u00e9e fran\u00e7aise de 1940 qui n\u2019aurait pas \u00e9t\u00e9 \u00e0 la hauteur de sa mission. Cette l\u00e9gende, aliment\u00e9e par l\u2019ignorance, est une atteinte \u00e0 l\u2019honneur des hommes mais aussi \u00e0 la v\u00e9rit\u00e9 historique.<\/p>\n<p>L\u2019id\u00e9e fausse selon laquelle il serait plus courageux ou plus glorieux de combattre lors d\u2019une victoire que lors d\u2019une d\u00e9faite est malheureusement trop r\u00e9pandue. Face au feu, au c\u0153ur de l\u2019enfer, le courage est le m\u00eame, pour celui qui se dresse pour sa patrie, quelle que soit l\u2019issue de la bataille.<\/p>\n<p>L\u2019incroyable combativit\u00e9 des soldats fran\u00e7ais \u00e0 Stonne, combativit\u00e9 que les soldats allemands, admiratifs devant le courage de leurs adversaires, compareront avec les d\u00e9faites de Stalingrad et Monte Cassino, d\u00e9montre que les soldats de 40 sont bien les glorieux h\u00e9ritiers de ceux de 1914-1918.<\/p>\n<p>La volont\u00e9 acharn\u00e9e des soldats de Stonne a prouv\u00e9 que l\u2019esprit de r\u00e9sistance \u00e9tait bien pr\u00e9sent d\u00e8s le d\u00e9but de la guerre. Ces hommes ont \u00e9t\u00e9 de ceux qui, malgr\u00e9 une situation g\u00e9n\u00e9rale catastrophique, ont choisi de continuer le combat et d\u2019incarner ainsi la r\u00e9sistance fran\u00e7aise.<\/p>\n<p>Le sacrifice de ces hommes n\u2019a pas \u00e9t\u00e9 vain\u00a0; l&rsquo;issue du conflit l&rsquo;a prouv\u00e9. Souvenons-nous, soyons en fiers, transmettons&#8230;<\/p>\n<p>Je terminerai, si vous me le permettez, sur les mots de Charles P\u00e9guy, lui m\u00eame mort au champ d\u2019honneur\u00a0:<\/p>\n<p>\u00ab\u00a0<em>Heureux ceux qui sont morts pour la terre charnelle,<br \/>\nMais pourvu que ce f\u00fbt dans une juste guerre.<br \/>\nHeureux ceux qui sont morts pour quatre coins de terre.<br \/>\nHeureux ceux qui sont morts d&rsquo;une mort solennelle.\u00a0\u00bb<\/em><\/p>\n<p>Vive la R\u00e9publique, Vive la France<\/p>\n<p>Julia\u00a0CAPEL-DUNN, sous-pr\u00e9f\u00e8te de Sedan<\/p>\n<p>&nbsp;<\/p>\n","protected":false},"excerpt":{"rendered":"<p>Matin\u00e9e bien fra\u00eeche (il avait gel\u00e9 \u00e0 Stonne) mais bonne participation : &#8211; un groupe du CENTIAL-51\u00b0 RI de Mourmelon &#8211; photo 1 &#8211; de nombreuses personnalit\u00e9s dont Mme la Sous-Pr\u00e9f\u00e8te de Sedan (photo 2) &#8211; de nombreux porte-drapeaux (dont beaucoup de Saint Quentin) (photo 3) &#8211; deux v\u00e9t\u00e9rans : un allemand (avec le b\u00e9ret), [&hellip;]<\/p>\n","protected":false},"author":1,"featured_media":0,"comment_status":"closed","ping_status":"closed","sticky":false,"template":"","format":"standard","meta":{"footnotes":""},"categories":[5],"tags":[],"class_list":["post-1729","post","type-post","status-publish","format-standard","hentry","category-actualite"],"_links":{"self":[{"href":"http:\/\/www.ardennes1940aceuxquiontresiste.org\/index.php?rest_route=\/wp\/v2\/posts\/1729","targetHints":{"allow":["GET"]}}],"collection":[{"href":"http:\/\/www.ardennes1940aceuxquiontresiste.org\/index.php?rest_route=\/wp\/v2\/posts"}],"about":[{"href":"http:\/\/www.ardennes1940aceuxquiontresiste.org\/index.php?rest_route=\/wp\/v2\/types\/post"}],"author":[{"embeddable":true,"href":"http:\/\/www.ardennes1940aceuxquiontresiste.org\/index.php?rest_route=\/wp\/v2\/users\/1"}],"replies":[{"embeddable":true,"href":"http:\/\/www.ardennes1940aceuxquiontresiste.org\/index.php?rest_route=%2Fwp%2Fv2%2Fcomments&post=1729"}],"version-history":[{"count":10,"href":"http:\/\/www.ardennes1940aceuxquiontresiste.org\/index.php?rest_route=\/wp\/v2\/posts\/1729\/revisions"}],"predecessor-version":[{"id":1760,"href":"http:\/\/www.ardennes1940aceuxquiontresiste.org\/index.php?rest_route=\/wp\/v2\/posts\/1729\/revisions\/1760"}],"wp:attachment":[{"href":"http:\/\/www.ardennes1940aceuxquiontresiste.org\/index.php?rest_route=%2Fwp%2Fv2%2Fmedia&parent=1729"}],"wp:term":[{"taxonomy":"category","embeddable":true,"href":"http:\/\/www.ardennes1940aceuxquiontresiste.org\/index.php?rest_route=%2Fwp%2Fv2%2Fcategories&post=1729"},{"taxonomy":"post_tag","embeddable":true,"href":"http:\/\/www.ardennes1940aceuxquiontresiste.org\/index.php?rest_route=%2Fwp%2Fv2%2Ftags&post=1729"}],"curies":[{"name":"wp","href":"https:\/\/api.w.org\/{rel}","templated":true}]}}