{"id":1444,"date":"2015-06-30T08:49:34","date_gmt":"2015-06-30T07:49:34","guid":{"rendered":"http:\/\/www.ardennes1940aceuxquiontresiste.org\/?p=1444"},"modified":"2015-06-30T20:44:25","modified_gmt":"2015-06-30T19:44:25","slug":"27-et-28-juin-2015-le-miroir-presente-lequipement-de-larmee-francaise-en-1940","status":"publish","type":"post","link":"http:\/\/www.ardennes1940aceuxquiontresiste.org\/?p=1444","title":{"rendered":"27 et 28 Juin 2015 &#8211; Le Miroir pr\u00e9sente l&rsquo;\u00e9quipement de l&rsquo;arm\u00e9e fran\u00e7aise en 1940"},"content":{"rendered":"<p style=\"text-align: center;\"><strong>L&rsquo;\u00e9quipement de l&rsquo;arm\u00e9e fran\u00e7aise en 1940<\/strong><br \/>\nPr\u00e9sentation au public par <em>Le Miroir<\/em><br \/>\n<strong>samedi 27 et dimanche 28 juin<\/strong> \u00e0 Tannay et STONNE<br \/>\n<em>avec le soutien financier d&rsquo;Ardennes 1940.<\/em><\/p>\n<p>Ces mat\u00e9riels sont tous le fruit du travail des membres du Miroir, passionn\u00e9s de technique. Cette manifestation publique ax\u00e9e sur 1940 est la plus importante r\u00e9alis\u00e9e en France depuis les ann\u00e9es 40. Le public fort nombreux a montr\u00e9 qu&rsquo;il appr\u00e9ciait ce travail b\u00e9n\u00e9vole des membres du MIROIR.<\/p>\n<p>William Rebisz, maire de Stonne, pr\u00e9sentait dans un de ses b\u00e2timents disponibles l&rsquo;exposition de l&rsquo;association ainsi qu&rsquo;un diaporama sur le village de STONNE.<\/p>\n<p>Partant de Tannay, une marche organis\u00e9e le dimanche matin permettait de relier LES GRANDES ARMOISES et STONNE \u00e0 travers la for\u00eat du MONT DIEU.<\/p>\n<p style=\"text-align: center;\">Une journ\u00e9e ensolleill\u00e9e, pleinement r\u00e9ussie !<\/p>\n<p style=\"text-align: center;\"><a href=\"http:\/\/www.ardennes1940aceuxquiontresiste.org\/wp-content\/uploads\/DSC03818.jpg\"><img loading=\"lazy\" decoding=\"async\" class=\"aligncenter size-large wp-image-1446\" alt=\"DSC03818\" src=\"http:\/\/www.ardennes1940aceuxquiontresiste.org\/wp-content\/uploads\/DSC03818-1024x766.jpg\" width=\"625\" height=\"467\" srcset=\"http:\/\/www.ardennes1940aceuxquiontresiste.org\/wp-content\/uploads\/DSC03818-1024x766.jpg 1024w, http:\/\/www.ardennes1940aceuxquiontresiste.org\/wp-content\/uploads\/DSC03818-300x224.jpg 300w, http:\/\/www.ardennes1940aceuxquiontresiste.org\/wp-content\/uploads\/DSC03818-624x467.jpg 624w, http:\/\/www.ardennes1940aceuxquiontresiste.org\/wp-content\/uploads\/DSC03818.jpg 1313w\" sizes=\"auto, (max-width: 625px) 100vw, 625px\" \/><\/a> <em>Chenillette Renault<\/em><\/p>\n<p style=\"text-align: center;\"><a href=\"http:\/\/www.ardennes1940aceuxquiontresiste.org\/wp-content\/uploads\/DSC03820.jpg\"><img loading=\"lazy\" decoding=\"async\" class=\"aligncenter size-large wp-image-1448\" alt=\"DSC03820\" src=\"http:\/\/www.ardennes1940aceuxquiontresiste.org\/wp-content\/uploads\/DSC03820-1024x725.jpg\" width=\"625\" height=\"442\" srcset=\"http:\/\/www.ardennes1940aceuxquiontresiste.org\/wp-content\/uploads\/DSC03820-1024x725.jpg 1024w, http:\/\/www.ardennes1940aceuxquiontresiste.org\/wp-content\/uploads\/DSC03820-300x212.jpg 300w, http:\/\/www.ardennes1940aceuxquiontresiste.org\/wp-content\/uploads\/DSC03820-624x441.jpg 624w, http:\/\/www.ardennes1940aceuxquiontresiste.org\/wp-content\/uploads\/DSC03820.jpg 1185w\" sizes=\"auto, (max-width: 625px) 100vw, 625px\" \/><\/a> <em>Chenillette ravitailleur de carburant pour les chars (bidons + pompe Japy)<\/em><\/p>\n<p><a href=\"http:\/\/www.ardennes1940aceuxquiontresiste.org\/wp-content\/uploads\/DSC03821.jpg\"><img loading=\"lazy\" decoding=\"async\" class=\"aligncenter size-large wp-image-1449\" alt=\"DSC03821\" src=\"http:\/\/www.ardennes1940aceuxquiontresiste.org\/wp-content\/uploads\/DSC03821-1024x794.jpg\" width=\"625\" height=\"484\" srcset=\"http:\/\/www.ardennes1940aceuxquiontresiste.org\/wp-content\/uploads\/DSC03821-1024x794.jpg 1024w, http:\/\/www.ardennes1940aceuxquiontresiste.org\/wp-content\/uploads\/DSC03821-300x232.jpg 300w, http:\/\/www.ardennes1940aceuxquiontresiste.org\/wp-content\/uploads\/DSC03821-624x484.jpg 624w, http:\/\/www.ardennes1940aceuxquiontresiste.org\/wp-content\/uploads\/DSC03821.jpg 1202w\" sizes=\"auto, (max-width: 625px) 100vw, 625px\" \/><\/a><\/p>\n<p style=\"text-align: center;\"><em>V\u00e9hicule de transport troupes et mat\u00e9riel<\/em><\/p>\n<p><a href=\"http:\/\/www.ardennes1940aceuxquiontresiste.org\/wp-content\/uploads\/DISC3822.jpg\"><img loading=\"lazy\" decoding=\"async\" src=\"http:\/\/www.ardennes1940aceuxquiontresiste.org\/wp-content\/uploads\/DISC3822-1024x766.jpg\" alt=\"DISC3822\" width=\"625\" height=\"467\" class=\"aligncenter size-large wp-image-1470\" srcset=\"http:\/\/www.ardennes1940aceuxquiontresiste.org\/wp-content\/uploads\/DISC3822-1024x766.jpg 1024w, http:\/\/www.ardennes1940aceuxquiontresiste.org\/wp-content\/uploads\/DISC3822-300x224.jpg 300w, http:\/\/www.ardennes1940aceuxquiontresiste.org\/wp-content\/uploads\/DISC3822-624x467.jpg 624w\" sizes=\"auto, (max-width: 625px) 100vw, 625px\" \/><\/a><\/p>\n<p style=\"text-align: center;\"><em>Char R 35<\/em><\/p>\n<p><a href=\"http:\/\/www.ardennes1940aceuxquiontresiste.org\/wp-content\/uploads\/DSC03823.jpg\"><img loading=\"lazy\" decoding=\"async\" class=\"aligncenter size-large wp-image-1451\" alt=\"DSC03823\" src=\"http:\/\/www.ardennes1940aceuxquiontresiste.org\/wp-content\/uploads\/DSC03823-1024x716.jpg\" width=\"625\" height=\"437\" srcset=\"http:\/\/www.ardennes1940aceuxquiontresiste.org\/wp-content\/uploads\/DSC03823-1024x716.jpg 1024w, http:\/\/www.ardennes1940aceuxquiontresiste.org\/wp-content\/uploads\/DSC03823-300x209.jpg 300w, http:\/\/www.ardennes1940aceuxquiontresiste.org\/wp-content\/uploads\/DSC03823-624x436.jpg 624w, http:\/\/www.ardennes1940aceuxquiontresiste.org\/wp-content\/uploads\/DSC03823.jpg 2048w\" sizes=\"auto, (max-width: 625px) 100vw, 625px\" \/><\/a><\/p>\n<p style=\"text-align: center;\"><em>Canon de 25 de l\u2019infanterie (antichars)<\/em><\/p>\n<p><a href=\"http:\/\/www.ardennes1940aceuxquiontresiste.org\/wp-content\/uploads\/DSC03824.jpg\"><img loading=\"lazy\" decoding=\"async\" class=\"aligncenter size-large wp-image-1452\" alt=\"DSC03824\" src=\"http:\/\/www.ardennes1940aceuxquiontresiste.org\/wp-content\/uploads\/DSC03824-1024x744.jpg\" width=\"625\" height=\"454\" srcset=\"http:\/\/www.ardennes1940aceuxquiontresiste.org\/wp-content\/uploads\/DSC03824-1024x744.jpg 1024w, http:\/\/www.ardennes1940aceuxquiontresiste.org\/wp-content\/uploads\/DSC03824-300x218.jpg 300w, http:\/\/www.ardennes1940aceuxquiontresiste.org\/wp-content\/uploads\/DSC03824-624x453.jpg 624w\" sizes=\"auto, (max-width: 625px) 100vw, 625px\" \/><\/a><\/p>\n<p style=\"text-align: center;\"><em>Canon de 47 de l\u2019artillerie &#8211; meilleur antichars fran\u00e7ais<\/em><\/p>\n<p><a href=\"http:\/\/www.ardennes1940aceuxquiontresiste.org\/wp-content\/uploads\/DSC03816.jpg\"><img loading=\"lazy\" decoding=\"async\" class=\"aligncenter size-large wp-image-1445\" alt=\"DSC03816\" src=\"http:\/\/www.ardennes1940aceuxquiontresiste.org\/wp-content\/uploads\/DSC03816-1024x768.jpg\" width=\"625\" height=\"468\" srcset=\"http:\/\/www.ardennes1940aceuxquiontresiste.org\/wp-content\/uploads\/DSC03816-1024x768.jpg 1024w, http:\/\/www.ardennes1940aceuxquiontresiste.org\/wp-content\/uploads\/DSC03816-300x225.jpg 300w, http:\/\/www.ardennes1940aceuxquiontresiste.org\/wp-content\/uploads\/DSC03816-624x468.jpg 624w\" sizes=\"auto, (max-width: 625px) 100vw, 625px\" \/><\/a><\/p>\n<p style=\"text-align: center;\"><em>Tannay : Hommage aux combattants de mai-juin 40 (b\u00e9n\u00e9voles en tenue d&rsquo;\u00e9poque)<\/em><\/p>\n","protected":false},"excerpt":{"rendered":"<p>L&rsquo;\u00e9quipement de l&rsquo;arm\u00e9e fran\u00e7aise en 1940 Pr\u00e9sentation au public par Le Miroir samedi 27 et dimanche 28 juin \u00e0 Tannay et STONNE avec le soutien financier d&rsquo;Ardennes 1940. Ces mat\u00e9riels sont tous le fruit du travail des membres du Miroir, passionn\u00e9s de technique. Cette manifestation publique ax\u00e9e sur 1940 est la plus importante r\u00e9alis\u00e9e en [&hellip;]<\/p>\n","protected":false},"author":1,"featured_media":0,"comment_status":"closed","ping_status":"closed","sticky":false,"template":"","format":"standard","meta":{"footnotes":""},"categories":[5],"tags":[],"class_list":["post-1444","post","type-post","status-publish","format-standard","hentry","category-actualite"],"_links":{"self":[{"href":"http:\/\/www.ardennes1940aceuxquiontresiste.org\/index.php?rest_route=\/wp\/v2\/posts\/1444","targetHints":{"allow":["GET"]}}],"collection":[{"href":"http:\/\/www.ardennes1940aceuxquiontresiste.org\/index.php?rest_route=\/wp\/v2\/posts"}],"about":[{"href":"http:\/\/www.ardennes1940aceuxquiontresiste.org\/index.php?rest_route=\/wp\/v2\/types\/post"}],"author":[{"embeddable":true,"href":"http:\/\/www.ardennes1940aceuxquiontresiste.org\/index.php?rest_route=\/wp\/v2\/users\/1"}],"replies":[{"embeddable":true,"href":"http:\/\/www.ardennes1940aceuxquiontresiste.org\/index.php?rest_route=%2Fwp%2Fv2%2Fcomments&post=1444"}],"version-history":[{"count":17,"href":"http:\/\/www.ardennes1940aceuxquiontresiste.org\/index.php?rest_route=\/wp\/v2\/posts\/1444\/revisions"}],"predecessor-version":[{"id":1469,"href":"http:\/\/www.ardennes1940aceuxquiontresiste.org\/index.php?rest_route=\/wp\/v2\/posts\/1444\/revisions\/1469"}],"wp:attachment":[{"href":"http:\/\/www.ardennes1940aceuxquiontresiste.org\/index.php?rest_route=%2Fwp%2Fv2%2Fmedia&parent=1444"}],"wp:term":[{"taxonomy":"category","embeddable":true,"href":"http:\/\/www.ardennes1940aceuxquiontresiste.org\/index.php?rest_route=%2Fwp%2Fv2%2Fcategories&post=1444"},{"taxonomy":"post_tag","embeddable":true,"href":"http:\/\/www.ardennes1940aceuxquiontresiste.org\/index.php?rest_route=%2Fwp%2Fv2%2Ftags&post=1444"}],"curies":[{"name":"wp","href":"https:\/\/api.w.org\/{rel}","templated":true}]}}