{"id":1415,"date":"2015-06-15T21:04:23","date_gmt":"2015-06-15T20:04:23","guid":{"rendered":"http:\/\/www.ardennes1940aceuxquiontresiste.org\/?p=1415"},"modified":"2015-06-15T21:06:02","modified_gmt":"2015-06-15T20:06:02","slug":"juin-2015-les-ballons-laches-a-stonne-ont-eu-le-vent-en-poupe-cette-annee","status":"publish","type":"post","link":"http:\/\/www.ardennes1940aceuxquiontresiste.org\/?p=1415","title":{"rendered":"Juin 2015 &#8211; Les ballons l\u00e2ch\u00e9s \u00e0 Stonne ont eu le vent en poupe cette ann\u00e9e !"},"content":{"rendered":"<p><a href=\"http:\/\/www.ardennes1940aceuxquiontresiste.org\/wp-content\/uploads\/Capture-d\u2019\u00e9cran-2015-06-15-\u00e0-22.01.04.png\"><img loading=\"lazy\" decoding=\"async\" class=\"aligncenter size-full wp-image-1421\" alt=\"Capture d\u2019\u00e9cran 2015-06-15 \u00e0 22.01.04\" src=\"http:\/\/www.ardennes1940aceuxquiontresiste.org\/wp-content\/uploads\/Capture-d\u2019\u00e9cran-2015-06-15-\u00e0-22.01.04.png\" width=\"650\" height=\"483\" srcset=\"http:\/\/www.ardennes1940aceuxquiontresiste.org\/wp-content\/uploads\/Capture-d\u2019\u00e9cran-2015-06-15-\u00e0-22.01.04.png 650w, http:\/\/www.ardennes1940aceuxquiontresiste.org\/wp-content\/uploads\/Capture-d\u2019\u00e9cran-2015-06-15-\u00e0-22.01.04-300x222.png 300w, http:\/\/www.ardennes1940aceuxquiontresiste.org\/wp-content\/uploads\/Capture-d\u2019\u00e9cran-2015-06-15-\u00e0-22.01.04-624x463.png 624w\" sizes=\"auto, (max-width: 650px) 100vw, 650px\" \/><\/a><br \/>\n<a href=\"http:\/\/www.ardennes1940aceuxquiontresiste.org\/wp-content\/uploads\/Capture-d\u2019\u00e9cran-2015-06-15-\u00e0-22.01.18.png\"><img loading=\"lazy\" decoding=\"async\" class=\"aligncenter size-full wp-image-1422\" alt=\"Capture d\u2019\u00e9cran 2015-06-15 \u00e0 22.01.18\" src=\"http:\/\/www.ardennes1940aceuxquiontresiste.org\/wp-content\/uploads\/Capture-d\u2019\u00e9cran-2015-06-15-\u00e0-22.01.18.png\" width=\"644\" height=\"480\" srcset=\"http:\/\/www.ardennes1940aceuxquiontresiste.org\/wp-content\/uploads\/Capture-d\u2019\u00e9cran-2015-06-15-\u00e0-22.01.18.png 644w, http:\/\/www.ardennes1940aceuxquiontresiste.org\/wp-content\/uploads\/Capture-d\u2019\u00e9cran-2015-06-15-\u00e0-22.01.18-300x223.png 300w, http:\/\/www.ardennes1940aceuxquiontresiste.org\/wp-content\/uploads\/Capture-d\u2019\u00e9cran-2015-06-15-\u00e0-22.01.18-624x465.png 624w\" sizes=\"auto, (max-width: 644px) 100vw, 644px\" \/><\/a><\/p>\n<p><span style=\"text-decoration: underline;\">Lieux de r\u00e9cup\u00e9ration :<\/span><\/p>\n<ul>\n<li><span style=\"line-height: 1.714285714; font-size: 1rem;\"><strong>Filstroff<\/strong> (Moselle) \u00e0 quelques km de la fronti\u00e8re allemande : <strong>120 km<\/strong><\/span><\/li>\n<li><span style=\"line-height: 1.714285714; font-size: 1rem;\"><strong>Sarrebr\u00fcck<\/strong> (Allemagne) : <strong>160 Km<\/strong><\/span><\/li>\n<li><span style=\"line-height: 1.714285714; font-size: 1rem;\"><strong>Mandelbachtal<\/strong> (juste au del\u00e0 de Sarrebr\u00fcck) : <strong>165 km<\/strong><\/span><\/li>\n<li><span style=\"line-height: 1.714285714; font-size: 1rem;\"><strong>Appenhofen<\/strong> pr\u00e8s de Landau (Allemagne) : <strong>250 km<\/strong><\/span><\/li>\n<li><span style=\"line-height: 1.714285714; font-size: 1rem;\"><strong>Erlbach<\/strong> (entre M\u00fcnchen et Passau proche de la fronti\u00e8re tch\u00e8que) : <strong>520 km<\/strong> !! un vrai record !!<\/span><\/li>\n<\/ul>\n<p><em> Tous ces r\u00e9exp\u00e9diteurs ont re\u00e7u des livrets sur Stonne et les combats de mai-juin 1940 ainsi que nos remerciements.<\/em><\/p>\n","protected":false},"excerpt":{"rendered":"<p>Lieux de r\u00e9cup\u00e9ration : Filstroff (Moselle) \u00e0 quelques km de la fronti\u00e8re allemande : 120 km Sarrebr\u00fcck (Allemagne) : 160 Km Mandelbachtal (juste au del\u00e0 de Sarrebr\u00fcck) : 165 km Appenhofen pr\u00e8s de Landau (Allemagne) : 250 km Erlbach (entre M\u00fcnchen et Passau proche de la fronti\u00e8re tch\u00e8que) : 520 km !! un vrai record [&hellip;]<\/p>\n","protected":false},"author":1,"featured_media":0,"comment_status":"closed","ping_status":"closed","sticky":false,"template":"","format":"standard","meta":{"footnotes":""},"categories":[5],"tags":[],"class_list":["post-1415","post","type-post","status-publish","format-standard","hentry","category-actualite"],"_links":{"self":[{"href":"http:\/\/www.ardennes1940aceuxquiontresiste.org\/index.php?rest_route=\/wp\/v2\/posts\/1415","targetHints":{"allow":["GET"]}}],"collection":[{"href":"http:\/\/www.ardennes1940aceuxquiontresiste.org\/index.php?rest_route=\/wp\/v2\/posts"}],"about":[{"href":"http:\/\/www.ardennes1940aceuxquiontresiste.org\/index.php?rest_route=\/wp\/v2\/types\/post"}],"author":[{"embeddable":true,"href":"http:\/\/www.ardennes1940aceuxquiontresiste.org\/index.php?rest_route=\/wp\/v2\/users\/1"}],"replies":[{"embeddable":true,"href":"http:\/\/www.ardennes1940aceuxquiontresiste.org\/index.php?rest_route=%2Fwp%2Fv2%2Fcomments&post=1415"}],"version-history":[{"count":9,"href":"http:\/\/www.ardennes1940aceuxquiontresiste.org\/index.php?rest_route=\/wp\/v2\/posts\/1415\/revisions"}],"predecessor-version":[{"id":1427,"href":"http:\/\/www.ardennes1940aceuxquiontresiste.org\/index.php?rest_route=\/wp\/v2\/posts\/1415\/revisions\/1427"}],"wp:attachment":[{"href":"http:\/\/www.ardennes1940aceuxquiontresiste.org\/index.php?rest_route=%2Fwp%2Fv2%2Fmedia&parent=1415"}],"wp:term":[{"taxonomy":"category","embeddable":true,"href":"http:\/\/www.ardennes1940aceuxquiontresiste.org\/index.php?rest_route=%2Fwp%2Fv2%2Fcategories&post=1415"},{"taxonomy":"post_tag","embeddable":true,"href":"http:\/\/www.ardennes1940aceuxquiontresiste.org\/index.php?rest_route=%2Fwp%2Fv2%2Ftags&post=1415"}],"curies":[{"name":"wp","href":"https:\/\/api.w.org\/{rel}","templated":true}]}}