{"id":1341,"date":"2015-05-25T14:16:10","date_gmt":"2015-05-25T13:16:10","guid":{"rendered":"http:\/\/www.ardennes1940aceuxquiontresiste.org\/?p=1341"},"modified":"2015-06-03T07:47:27","modified_gmt":"2015-06-03T06:47:27","slug":"mai-2015-journee-de-memoire","status":"publish","type":"post","link":"http:\/\/www.ardennes1940aceuxquiontresiste.org\/?p=1341","title":{"rendered":"17 Mai 2015 \u2013 Journ\u00e9e de M\u00e9moire"},"content":{"rendered":"<p>Nous vous communiquons quelques \u00e9l\u00e9ments de cette journ\u00e9e du 17 mai qui fut une belle r\u00e9ussite !<\/p>\n<p>Pr\u00e9sence des militaires du CENTIAL de Mourmelon (51\u00b0 RI), de Bitche (16\u00b0 Chasseurs) et de gendarmes mobiles. Pr\u00e9sence de 53 porte-drapeaux, d&rsquo;une forte d\u00e9l\u00e9gation de Saint Quentin, de deux v\u00e9t\u00e9rans fran\u00e7ais et d&rsquo;un v\u00e9t\u00e9ran allemand &#8211; Participation de nombreux enfants &#8211; Pr\u00e9sence d&rsquo;un nombreux public &#8211; beau temps &#8211;<\/p>\n<p style=\"text-align: center;\"><a href=\"http:\/\/www.ardennes1940aceuxquiontresiste.org\/wp-content\/uploads\/Sans-titre1.jpg\"><img loading=\"lazy\" decoding=\"async\" class=\"aligncenter size-full wp-image-1342\" alt=\"Journ\u00e9e de m\u00e9moire 2015 3\" src=\"http:\/\/www.ardennes1940aceuxquiontresiste.org\/wp-content\/uploads\/Sans-titre1.jpg\" width=\"524\" height=\"360\" srcset=\"http:\/\/www.ardennes1940aceuxquiontresiste.org\/wp-content\/uploads\/Sans-titre1.jpg 524w, http:\/\/www.ardennes1940aceuxquiontresiste.org\/wp-content\/uploads\/Sans-titre1-300x206.jpg 300w\" sizes=\"auto, (max-width: 524px) 100vw, 524px\" \/><\/a> <span style=\"color: #808080;\">Pr\u00e9sentation des troupes au drapeau<\/span><\/p>\n<p style=\"text-align: center;\"><a href=\"http:\/\/www.ardennes1940aceuxquiontresiste.org\/wp-content\/uploads\/Sans-titre2.jpg\"><img loading=\"lazy\" decoding=\"async\" class=\"aligncenter size-full wp-image-1343\" alt=\"Journ\u00e9e de m\u00e9moire 2015 2\" src=\"http:\/\/www.ardennes1940aceuxquiontresiste.org\/wp-content\/uploads\/Sans-titre2.jpg\" width=\"523\" height=\"393\" srcset=\"http:\/\/www.ardennes1940aceuxquiontresiste.org\/wp-content\/uploads\/Sans-titre2.jpg 523w, http:\/\/www.ardennes1940aceuxquiontresiste.org\/wp-content\/uploads\/Sans-titre2-300x225.jpg 300w\" sizes=\"auto, (max-width: 523px) 100vw, 523px\" \/><\/a><span style=\"color: #808080;\">Association LE MIROIR en tenue 1940 et avec du mat\u00e9riel 1940<\/span><\/p>\n<p style=\"text-align: center;\"><a href=\"http:\/\/www.ardennes1940aceuxquiontresiste.org\/wp-content\/uploads\/Sans-titre3.jpg\"><img loading=\"lazy\" decoding=\"async\" class=\"aligncenter size-full wp-image-1344\" alt=\"Sans titre3\" src=\"http:\/\/www.ardennes1940aceuxquiontresiste.org\/wp-content\/uploads\/Sans-titre3.jpg\" width=\"420\" height=\"309\" srcset=\"http:\/\/www.ardennes1940aceuxquiontresiste.org\/wp-content\/uploads\/Sans-titre3.jpg 420w, http:\/\/www.ardennes1940aceuxquiontresiste.org\/wp-content\/uploads\/Sans-titre3-300x220.jpg 300w\" sizes=\"auto, (max-width: 420px) 100vw, 420px\" \/><\/a> <span style=\"color: #808080;\">Enfants qui ont d\u00e9pos\u00e9 des fleurs et lu des textes (il y en avait 3 fois plus !)<\/span><\/p>\n<p style=\"text-align: left;\"><strong>allocution du Pr\u00e9sident<\/strong><br \/>\n<span style=\"color: #ffffff;\">&#8230;.<\/span>Merci, monsieur le Pr\u00e9fet, d&rsquo;avoir accept\u00e9 de pr\u00e9sider cette journ\u00e9e de M\u00e9moire. La pr\u00e9sence d&rsquo;un repr\u00e9sentant du Gouvernement en ce 75\u00e8me anniversaire des combats de mai-juin 1940 est un geste qui apaisera tous ces morts pour la France et leurs familles car ils se sentiront reconnus.<br \/>\n<span style=\"color: #ffffff;\">&#8230;.<\/span>Merci aux d\u00e9l\u00e9gations des unit\u00e9s qui ont combattu sur cette terre ardennaise et l&rsquo;ont abreuv\u00e9 de leur sang : Cential de Mourmelon porteur des traditions du 51\u00b0 r\u00e9giment d&rsquo;infanterie, \u00e9l\u00e9ment de la 3\u00b0 division d&rsquo;infanterie, Chasseurs de Bitche, porteurs des traditions du 16\u00b0 Bataillon de chasseurs port\u00e9s de la 3\u00b0 division cuirass\u00e9e et j&rsquo;y inclurai la Gendarmerie de Satory qui pensait \u00eatre des n\u00f4tres mais que le plan Vigie-Pirate a mobilis\u00e9s au dernier moment. Merci \u00e0 tous d&rsquo;avoir r\u00e9pondu \u00e0 notre invitation !<br \/>\n<span style=\"color: #ffffff;\">&#8230;.<\/span>75 ans ont pass\u00e9 depuis ces combats meurtriers qui ont dur\u00e9 pr\u00e8s d&rsquo;un mois ! S&rsquo;il avait fallu des mois pour que les corps des combattants soient relev\u00e9s, identifi\u00e9s, ensevelis simplement mais dignement, rassembl\u00e9s en de nombreux cimeti\u00e8res jalonnant la ligne de d\u00e9fense entre Chiers et Aisne, il aura fallu des d\u00e9cennies pour que ces combats soient mieux connus. Les historiens ardennais eux-m\u00eames d\u00e9couvraient en 1962 &#8211; 22 ans plus tard ! -, gr\u00e2ce au travail de mes \u00e9l\u00e8ves, qu&rsquo;on s&rsquo;\u00e9tait battu en ces lieux&#8230; La vue des familles \u00e9cras\u00e9es par le chagrin et l&rsquo;injustice, a d\u00e9cupl\u00e9 en moi la soif de savoir et l&rsquo;expression du respect pour ces Morts pour la France. La collecte des t\u00e9moignages et des rapports officiels, je l&rsquo;ai faite dans les ann\u00e9es 50\/60 avec les enfants de mon \u00e9cole qui se sont vite passionn\u00e9s. La jeunesse a besoin de connaitre l&rsquo;histoire des lieux o\u00f9 elle \u00e9volue, d&rsquo;en comprendre les raisons et les obligations. Il lui est ensuite plus facile d&rsquo;aborder celle de notre pays. Un arbre sans racines n&rsquo;a aucune chance de prosp\u00e9rer ! Nous avons le bonheur d&rsquo;avoir chaque ann\u00e9e la participation d&rsquo;\u00e9l\u00e8ves des \u00e9coles environnantes, pilot\u00e9s par leurs maitres et maitresses : je les remercie de cette contribution.<br \/>\n<span style=\"color: #ffffff;\">&#8230;.<\/span>Je salue les rescap\u00e9s de ces jours maudits, maintenant peu nombreux, venus rendre hommage \u00e0 leurs camarades tomb\u00e9s au combat. Leur participation &#8211; que je sais \u00eatre souvent fort p\u00e9nible &#8211; est pour nous un puissant r\u00e9confort dans l&rsquo;action que notre association a entreprise depuis vingt ans.<br \/>\n<span style=\"color: #ffffff;\">&#8230;.<\/span>Je salue bien s\u00fbr les familles de ces combattants qui participent \u00e0 cette journ\u00e9e de M\u00e9moire et nous sont reconnaissantes de combattre l&rsquo;oubli qui est une seconde mort.<br \/>\n<span style=\"color: #ffffff;\">&#8230;.<\/span>Nos rendez-vous annuels, et avant nous, ceux des amicales r\u00e9gimentaires, ont toujours plac\u00e9, avec ce geste de m\u00e9moire, une volont\u00e9 de fraternit\u00e9, de r\u00e9conciliation des peuples europ\u00e9ens et de paix. Ce sont les v\u00e9t\u00e9rans &#8211; alors fort nombreux &#8211; qui ont d\u00e9cid\u00e9 de manifester cette volont\u00e9 en organisant, de mani\u00e8re d\u00e9mocratique, une premi\u00e8re rencontre franco-allemande en mai 1962, voil\u00e0 53 ans ; ils ont ainsi jet\u00e9 les bases de relations amicales familiales qui se sont d\u00e9velopp\u00e9es et approfondies au fil du temps jusque les ann\u00e9es 2000. Nous avons sem\u00e9 ensemble des graines de fraternit\u00e9 et de paix : j&rsquo;esp\u00e8re qu&rsquo;elles ont fructifi\u00e9 malgr\u00e9 les al\u00e9as de la vie. Nous \u00e9tions, sans le savoir, dans l&rsquo;air du temps : Le pr\u00e9sident De Gaulle et le Chancelier allemand Adenauer se retrouvaient peu apr\u00e8s \u00e0 Reims ; L&rsquo;Office franco-allemand pour la Jeunesse \u00e9tait cr\u00e9\u00e9 en 1963 : il a b\u00e9n\u00e9fici\u00e9 \u00e0 plus de 8 millions de jeunes. Ce furent des actes concrets, capables d&rsquo;agir sur l&rsquo;\u00e9volution de nos soci\u00e9t\u00e9s. Il serait bon que cela se poursuive ! Nous avons la chance d&rsquo;avoir aujourd&rsquo;hui parmi nous un ultime repr\u00e9sentant des v\u00e9t\u00e9rans allemands qui a fait l&rsquo;effort de venir de Bonn : Joachim DORENBECK, fid\u00e8le \u00e0 nos rendez-vous pass\u00e9s. Merci Joachim ! Bravant la fatigue du voyage, vous me faites un tr\u00e8s grand plaisir d&rsquo;\u00eatre l\u00e0 aujourd&rsquo;hui !<br \/>\n<span style=\"color: #ffffff;\">&#8230;.<\/span>Quant on \u00e9voque ces ann\u00e9es de guerre, les plus anciens voient refluer dans leur esprit un monde de souffrance, o\u00f9, apr\u00e8s les destructions, les pillages, l&rsquo;absence des prisonniers retenus derri\u00e8re les barbel\u00e9s, sont venues la suspicion, la peur, les privations, la faim, les arrestations, les d\u00e9portations : un vrai cauchemar pour les familles qui voulaient se respecter. Difficile \u00e0 imaginer pour la jeunesse actuelle, mais il faut qu&rsquo;elle sache que ce sont les vrais habits de la guerre. Toujours et partout ! Nous ne pouvons pas, nous ne devons pas laisser se d\u00e9velopper des d\u00e9viances qui ont co\u00fbt\u00e9 cher \u00e0 l&rsquo;Europe et au Monde : la cr\u00e9dulit\u00e9, l&#8217;embrigadement, la haine, le racisme, la violence gratuite. Si nous voulons que nos petits-fils vivent en paix, il faut les mettre en garde au quotidien contre ces \u00e9volutions malsaines. Il faut surtout leur montrer qu&rsquo;on est plus heureux quand on vit \u00e0 l&rsquo;\u00e9coute des autres, solidaires et fraternels, capables de d\u00e9battre sereinement et de s&rsquo;enrichir \u00e0 leur contact. Il faut savoir cultiver la paix des armes et la paix des coeurs !<\/p>\n<p style=\"text-align: right;\">Michel BAUDIER Pr\u00e9sident<\/p>\n<p style=\"text-align: center;\"><a href=\"http:\/\/www.ardennes1940aceuxquiontresiste.org\/wp-content\/uploads\/Sans-titre4.jpg\"><img loading=\"lazy\" decoding=\"async\" class=\"aligncenter size-full wp-image-1350\" alt=\"Journ\u00e9e de m\u00e9moire 2015 4\" src=\"http:\/\/www.ardennes1940aceuxquiontresiste.org\/wp-content\/uploads\/Sans-titre4.jpg\" width=\"481\" height=\"361\" srcset=\"http:\/\/www.ardennes1940aceuxquiontresiste.org\/wp-content\/uploads\/Sans-titre4.jpg 481w, http:\/\/www.ardennes1940aceuxquiontresiste.org\/wp-content\/uploads\/Sans-titre4-300x225.jpg 300w\" sizes=\"auto, (max-width: 481px) 100vw, 481px\" \/><\/a> <span style=\"color: #808080;\">Joachim DORENBECK, v\u00e9t\u00e9ran allemand, au monument de la R\u00e9conciliation<\/span><\/p>\n<p style=\"text-align: center;\"><a href=\"http:\/\/www.ardennes1940aceuxquiontresiste.org\/wp-content\/uploads\/Sans-titre5.jpg\"><img loading=\"lazy\" decoding=\"async\" class=\"aligncenter size-full wp-image-1351\" alt=\"Journ\u00e9e de m\u00e9moire 2015 5\" src=\"http:\/\/www.ardennes1940aceuxquiontresiste.org\/wp-content\/uploads\/Sans-titre5.jpg\" width=\"481\" height=\"361\" srcset=\"http:\/\/www.ardennes1940aceuxquiontresiste.org\/wp-content\/uploads\/Sans-titre5.jpg 481w, http:\/\/www.ardennes1940aceuxquiontresiste.org\/wp-content\/uploads\/Sans-titre5-300x225.jpg 300w\" sizes=\"auto, (max-width: 481px) 100vw, 481px\" \/><\/a> <span style=\"color: #808080;\">Le pr\u00e9sident Michel Baudier au cours de son allocution<\/span><\/p>\n<p style=\"text-align: center;\">__________________________________________________________________________________________________<\/p>\n<p>Apr\u00e8s bien des d\u00e9marches, le <strong>journal local L\u2019union-L\u2019Ardennais<\/strong> a finalement fait para\u00eetre l\u2019article ci-dessous (plusieurs photos fournies\u2026) Remercions le correspondant local attrist\u00e9 du manque d\u2019information alors qu\u2019il connait bien l\u2019importance de cette journ\u00e9e de M\u00e9moire mais qu\u2019il n\u2019est pas charg\u00e9 de la couvrir\u2026Gr\u00e2ce \u00e0 sa t\u00e9nacit\u00e9, cet article a pu voir le jour ! Il n\u2019y avait aucun journaliste pr\u00e9sent \u00e0 Stonne. A chacun de juger !<\/p>\n<p><a href=\"http:\/\/www.ardennes1940aceuxquiontresiste.org\/wp-content\/uploads\/Journ\u00e9e-de-M\u00e9moire-2015-article.jpg\"><img loading=\"lazy\" decoding=\"async\" class=\"aligncenter size-full wp-image-1359\" alt=\"Journ\u00e9e de M\u00e9moire 2015 - article\" src=\"http:\/\/www.ardennes1940aceuxquiontresiste.org\/wp-content\/uploads\/Journ\u00e9e-de-M\u00e9moire-2015-article.jpg\" width=\"856\" height=\"1663\" srcset=\"http:\/\/www.ardennes1940aceuxquiontresiste.org\/wp-content\/uploads\/Journ\u00e9e-de-M\u00e9moire-2015-article.jpg 856w, http:\/\/www.ardennes1940aceuxquiontresiste.org\/wp-content\/uploads\/Journ\u00e9e-de-M\u00e9moire-2015-article-154x300.jpg 154w, http:\/\/www.ardennes1940aceuxquiontresiste.org\/wp-content\/uploads\/Journ\u00e9e-de-M\u00e9moire-2015-article-527x1024.jpg 527w, http:\/\/www.ardennes1940aceuxquiontresiste.org\/wp-content\/uploads\/Journ\u00e9e-de-M\u00e9moire-2015-article-624x1212.jpg 624w\" sizes=\"auto, (max-width: 856px) 100vw, 856px\" \/><\/a><\/p>\n","protected":false},"excerpt":{"rendered":"<p>Nous vous communiquons quelques \u00e9l\u00e9ments de cette journ\u00e9e du 17 mai qui fut une belle r\u00e9ussite ! Pr\u00e9sence des militaires du CENTIAL de Mourmelon (51\u00b0 RI), de Bitche (16\u00b0 Chasseurs) et de gendarmes mobiles. Pr\u00e9sence de 53 porte-drapeaux, d&rsquo;une forte d\u00e9l\u00e9gation de Saint Quentin, de deux v\u00e9t\u00e9rans fran\u00e7ais et d&rsquo;un v\u00e9t\u00e9ran allemand &#8211; Participation de [&hellip;]<\/p>\n","protected":false},"author":1,"featured_media":0,"comment_status":"closed","ping_status":"closed","sticky":false,"template":"","format":"standard","meta":{"footnotes":""},"categories":[5,4],"tags":[],"class_list":["post-1341","post","type-post","status-publish","format-standard","hentry","category-actualite","category-revue-du-presse"],"_links":{"self":[{"href":"http:\/\/www.ardennes1940aceuxquiontresiste.org\/index.php?rest_route=\/wp\/v2\/posts\/1341","targetHints":{"allow":["GET"]}}],"collection":[{"href":"http:\/\/www.ardennes1940aceuxquiontresiste.org\/index.php?rest_route=\/wp\/v2\/posts"}],"about":[{"href":"http:\/\/www.ardennes1940aceuxquiontresiste.org\/index.php?rest_route=\/wp\/v2\/types\/post"}],"author":[{"embeddable":true,"href":"http:\/\/www.ardennes1940aceuxquiontresiste.org\/index.php?rest_route=\/wp\/v2\/users\/1"}],"replies":[{"embeddable":true,"href":"http:\/\/www.ardennes1940aceuxquiontresiste.org\/index.php?rest_route=%2Fwp%2Fv2%2Fcomments&post=1341"}],"version-history":[{"count":16,"href":"http:\/\/www.ardennes1940aceuxquiontresiste.org\/index.php?rest_route=\/wp\/v2\/posts\/1341\/revisions"}],"predecessor-version":[{"id":1358,"href":"http:\/\/www.ardennes1940aceuxquiontresiste.org\/index.php?rest_route=\/wp\/v2\/posts\/1341\/revisions\/1358"}],"wp:attachment":[{"href":"http:\/\/www.ardennes1940aceuxquiontresiste.org\/index.php?rest_route=%2Fwp%2Fv2%2Fmedia&parent=1341"}],"wp:term":[{"taxonomy":"category","embeddable":true,"href":"http:\/\/www.ardennes1940aceuxquiontresiste.org\/index.php?rest_route=%2Fwp%2Fv2%2Fcategories&post=1341"},{"taxonomy":"post_tag","embeddable":true,"href":"http:\/\/www.ardennes1940aceuxquiontresiste.org\/index.php?rest_route=%2Fwp%2Fv2%2Ftags&post=1341"}],"curies":[{"name":"wp","href":"https:\/\/api.w.org\/{rel}","templated":true}]}}