{"id":1007,"date":"2014-07-08T22:42:44","date_gmt":"2014-07-08T21:42:44","guid":{"rendered":"http:\/\/www.ardennes1940aceuxquiontresiste.org\/?p=1007"},"modified":"2014-07-13T12:00:17","modified_gmt":"2014-07-13T11:00:17","slug":"nouveaute-la-resistance-francaise-a-stonne-et-tannay-du-14-au-24-mai-1940","status":"publish","type":"post","link":"http:\/\/www.ardennes1940aceuxquiontresiste.org\/?p=1007","title":{"rendered":"NOUVEAUTE &#8211; La R\u00e9sistance Fran\u00e7aise \u00e0 Stonne et Tannay du 14 au 24 Mai 1940"},"content":{"rendered":"<p><a href=\"http:\/\/www.ardennes1940aceuxquiontresiste.org\/wp-content\/uploads\/LivreStonne2.jpg\"><img loading=\"lazy\" decoding=\"async\" src=\"http:\/\/www.ardennes1940aceuxquiontresiste.org\/wp-content\/uploads\/LivreStonne2-894x1024.jpg\" alt=\"LivreStonne2\" width=\"412\" height=\"457\" class=\"alignleft size-large wp-image-1008\" \/><\/a><\/p>\n<p><strong>NOUVELLE PARUTION !!!<br \/>\n<span style=\"text-decoration: underline;\">La R\u00e9sistance Fran\u00e7aise \u00e0 Stonne et Tannay du 14 au 24 Mai 1940<\/span><\/strong><\/p>\n<p>Reprise du texte de <strong>UNE BATAILLE OUBLIEE<\/strong> avec de <strong>nouvelles frappes pour le texte<\/strong>, de <strong>nombreuses illustrations<\/strong>, de <strong>nouvelles cartes<\/strong> : une lecture plus facile, un ouvrage plus agr\u00e9able !<\/p>\n<p>Prix de vente :<br \/>\n&#8211; <strong>En vente directe<\/strong> : <strong>25 \u20ac<\/strong><br \/>\n&#8211; Envoi : 25 \u20ac + 5,50 \u20ac (port et emballage) = 30,50 \u20ac<\/p>\n<p><a href=\"http:\/\/www.ardennes1940aceuxquiontresiste.org\/?page_id=43\" title=\"Publications\">Cliquez ici<\/a> pour plus d&rsquo;informations (redirection vers la page \u00ab\u00a0Publications\u00a0\u00bb)<\/p>\n<hr width=\"100%\">\n<p><strong><span style=\"text-decoration: underline;\">!!!!!!! OFFRE EXCEPTIONNELLE !!!!!!!<\/span><\/strong><br \/>\n<em>UNE BATAILLE OUBLIEE<\/em> + <em>FALLAIT-IL SAUVER LE CHAR BAYARD ?<\/em><br \/>\n\u2192 Les 2 livres : <strong>25 \u20ac<\/strong> ou <strong>31 \u20ac franco de port et d&#8217;emballage<\/strong><\/p>\n","protected":false},"excerpt":{"rendered":"<p>NOUVELLE PARUTION !!! La R\u00e9sistance Fran\u00e7aise \u00e0 Stonne et Tannay du 14 au 24 Mai 1940 Reprise du texte de UNE BATAILLE OUBLIEE avec de nouvelles frappes pour le texte, de nombreuses illustrations, de nouvelles cartes : une lecture plus facile, un ouvrage plus agr\u00e9able ! Prix de vente : &#8211; En vente directe : [&hellip;]<\/p>\n","protected":false},"author":1,"featured_media":0,"comment_status":"closed","ping_status":"closed","sticky":false,"template":"","format":"standard","meta":{"footnotes":""},"categories":[5],"tags":[],"class_list":["post-1007","post","type-post","status-publish","format-standard","hentry","category-actualite"],"_links":{"self":[{"href":"http:\/\/www.ardennes1940aceuxquiontresiste.org\/index.php?rest_route=\/wp\/v2\/posts\/1007","targetHints":{"allow":["GET"]}}],"collection":[{"href":"http:\/\/www.ardennes1940aceuxquiontresiste.org\/index.php?rest_route=\/wp\/v2\/posts"}],"about":[{"href":"http:\/\/www.ardennes1940aceuxquiontresiste.org\/index.php?rest_route=\/wp\/v2\/types\/post"}],"author":[{"embeddable":true,"href":"http:\/\/www.ardennes1940aceuxquiontresiste.org\/index.php?rest_route=\/wp\/v2\/users\/1"}],"replies":[{"embeddable":true,"href":"http:\/\/www.ardennes1940aceuxquiontresiste.org\/index.php?rest_route=%2Fwp%2Fv2%2Fcomments&post=1007"}],"version-history":[{"count":21,"href":"http:\/\/www.ardennes1940aceuxquiontresiste.org\/index.php?rest_route=\/wp\/v2\/posts\/1007\/revisions"}],"predecessor-version":[{"id":1097,"href":"http:\/\/www.ardennes1940aceuxquiontresiste.org\/index.php?rest_route=\/wp\/v2\/posts\/1007\/revisions\/1097"}],"wp:attachment":[{"href":"http:\/\/www.ardennes1940aceuxquiontresiste.org\/index.php?rest_route=%2Fwp%2Fv2%2Fmedia&parent=1007"}],"wp:term":[{"taxonomy":"category","embeddable":true,"href":"http:\/\/www.ardennes1940aceuxquiontresiste.org\/index.php?rest_route=%2Fwp%2Fv2%2Fcategories&post=1007"},{"taxonomy":"post_tag","embeddable":true,"href":"http:\/\/www.ardennes1940aceuxquiontresiste.org\/index.php?rest_route=%2Fwp%2Fv2%2Ftags&post=1007"}],"curies":[{"name":"wp","href":"https:\/\/api.w.org\/{rel}","templated":true}]}}